{"id":3,"count":6,"description":"En esta secci\u00f3n abordamos c\u00f3mo nuestras pr\u00e1cticas agr\u00edcolas tradicionales respetan el medio ambiente, optimizan los recursos naturales y mantienen la calidad del fruto.","link":"https:\/\/www.granavida.com\/blog\/category\/ecologia\/","name":"Ecolog\u00eda","slug":"ecologia","taxonomy":"category","parent":0,"meta":[],"acf":[],"yoast_head":"<!-- This site is optimized with the Yoast SEO Premium plugin v27.2 (Yoast SEO v27.2) - https:\/\/yoast.com\/product\/yoast-seo-premium-wordpress\/ -->\n<title>Agricultura Tradicional y Sostenible | Nuestro Compromiso<\/title>\n<meta name=\"description\" content=\"Descubre c\u00f3mo cultivamos con pr\u00e1cticas sostenibles respetando el equilibrio natural del entorno. Tradici\u00f3n sin qu\u00edmicos innecesarios.\" \/>\n<meta name=\"robots\" content=\"index, follow, max-snippet:-1, max-image-preview:large, max-video-preview:-1\" \/>\n<link rel=\"canonical\" href=\"https:\/\/www.granavida.com\/blog\/category\/ecologia\/\" \/>\n<meta property=\"og:locale\" content=\"es_ES\" \/>\n<meta property=\"og:type\" content=\"article\" \/>\n<meta property=\"og:title\" content=\"Ecolog\u00eda archivos\" \/>\n<meta property=\"og:description\" content=\"Descubre c\u00f3mo cultivamos con pr\u00e1cticas sostenibles respetando el equilibrio natural del entorno. Tradici\u00f3n sin qu\u00edmicos innecesarios.\" \/>\n<meta property=\"og:url\" content=\"https:\/\/www.granavida.com\/blog\/category\/ecologia\/\" \/>\n<meta property=\"og:site_name\" content=\"Blog de Granavida\u00ae\" \/>\n<meta name=\"twitter:card\" content=\"summary_large_image\" \/>\n<meta name=\"twitter:site\" content=\"@GRANAVIDA\" \/>\n<script type=\"application\/ld+json\" class=\"yoast-schema-graph\">{\"@context\":\"https:\/\/schema.org\",\"@graph\":[{\"@type\":\"CollectionPage\",\"@id\":\"https:\/\/www.granavida.com\/blog\/category\/ecologia\/\",\"url\":\"https:\/\/www.granavida.com\/blog\/category\/ecologia\/\",\"name\":\"Agricultura Tradicional y Sostenible | Nuestro Compromiso\",\"isPartOf\":{\"@id\":\"https:\/\/www.granavida.com\/blog\/#website\"},\"description\":\"Descubre c\u00f3mo cultivamos con pr\u00e1cticas sostenibles respetando el equilibrio natural del entorno. Tradici\u00f3n sin qu\u00edmicos innecesarios.\",\"breadcrumb\":{\"@id\":\"https:\/\/www.granavida.com\/blog\/category\/ecologia\/#breadcrumb\"},\"inLanguage\":\"es\"},{\"@type\":\"BreadcrumbList\",\"@id\":\"https:\/\/www.granavida.com\/blog\/category\/ecologia\/#breadcrumb\",\"itemListElement\":[{\"@type\":\"ListItem\",\"position\":1,\"name\":\"Portada\",\"item\":\"https:\/\/www.granavida.com\/blog\/\"},{\"@type\":\"ListItem\",\"position\":2,\"name\":\"Ecolog\u00eda\"}]},{\"@type\":\"WebSite\",\"@id\":\"https:\/\/www.granavida.com\/blog\/#website\",\"url\":\"https:\/\/www.granavida.com\/blog\/\",\"name\":\"Zumo de granada Granavida\u00ae\",\"description\":\"Productos elaborados con granadas mollar de elche\",\"publisher\":{\"@id\":\"https:\/\/www.granavida.com\/blog\/#organization\"},\"potentialAction\":[{\"@type\":\"SearchAction\",\"target\":{\"@type\":\"EntryPoint\",\"urlTemplate\":\"https:\/\/www.granavida.com\/blog\/?s={search_term_string}\"},\"query-input\":{\"@type\":\"PropertyValueSpecification\",\"valueRequired\":true,\"valueName\":\"search_term_string\"}}],\"inLanguage\":\"es\"},{\"@type\":\"Organization\",\"@id\":\"https:\/\/www.granavida.com\/blog\/#organization\",\"name\":\"Granavida\u00ae\",\"url\":\"https:\/\/www.granavida.com\/blog\/\",\"logo\":{\"@type\":\"ImageObject\",\"inLanguage\":\"es\",\"@id\":\"https:\/\/www.granavida.com\/blog\/#\/schema\/logo\/image\/\",\"url\":\"https:\/\/www.granavida.com\/blog\/wp-content\/uploads\/2019\/06\/logo-nuevo-tienda.jpg\",\"contentUrl\":\"https:\/\/www.granavida.com\/blog\/wp-content\/uploads\/2019\/06\/logo-nuevo-tienda.jpg\",\"width\":300,\"height\":100,\"caption\":\"Granavida\u00ae\"},\"image\":{\"@id\":\"https:\/\/www.granavida.com\/blog\/#\/schema\/logo\/image\/\"},\"sameAs\":[\"https:\/\/www.facebook.com\/granavida\/\",\"https:\/\/x.com\/GRANAVIDA\"]}]}<\/script>\n<!-- \/ Yoast SEO Premium plugin. -->","yoast_head_json":{"title":"Agricultura Tradicional y Sostenible | Nuestro Compromiso","description":"Descubre c\u00f3mo cultivamos con pr\u00e1cticas sostenibles respetando el equilibrio natural del entorno. Tradici\u00f3n sin qu\u00edmicos innecesarios.","robots":{"index":"index","follow":"follow","max-snippet":"max-snippet:-1","max-image-preview":"max-image-preview:large","max-video-preview":"max-video-preview:-1"},"canonical":"https:\/\/www.granavida.com\/blog\/category\/ecologia\/","og_locale":"es_ES","og_type":"article","og_title":"Ecolog\u00eda archivos","og_description":"Descubre c\u00f3mo cultivamos con pr\u00e1cticas sostenibles respetando el equilibrio natural del entorno. Tradici\u00f3n sin qu\u00edmicos innecesarios.","og_url":"https:\/\/www.granavida.com\/blog\/category\/ecologia\/","og_site_name":"Blog de Granavida\u00ae","twitter_card":"summary_large_image","twitter_site":"@GRANAVIDA","schema":{"@context":"https:\/\/schema.org","@graph":[{"@type":"CollectionPage","@id":"https:\/\/www.granavida.com\/blog\/category\/ecologia\/","url":"https:\/\/www.granavida.com\/blog\/category\/ecologia\/","name":"Agricultura Tradicional y Sostenible | Nuestro Compromiso","isPartOf":{"@id":"https:\/\/www.granavida.com\/blog\/#website"},"description":"Descubre c\u00f3mo cultivamos con pr\u00e1cticas sostenibles respetando el equilibrio natural del entorno. Tradici\u00f3n sin qu\u00edmicos innecesarios.","breadcrumb":{"@id":"https:\/\/www.granavida.com\/blog\/category\/ecologia\/#breadcrumb"},"inLanguage":"es"},{"@type":"BreadcrumbList","@id":"https:\/\/www.granavida.com\/blog\/category\/ecologia\/#breadcrumb","itemListElement":[{"@type":"ListItem","position":1,"name":"Portada","item":"https:\/\/www.granavida.com\/blog\/"},{"@type":"ListItem","position":2,"name":"Ecolog\u00eda"}]},{"@type":"WebSite","@id":"https:\/\/www.granavida.com\/blog\/#website","url":"https:\/\/www.granavida.com\/blog\/","name":"Zumo de granada Granavida\u00ae","description":"Productos elaborados con granadas mollar de elche","publisher":{"@id":"https:\/\/www.granavida.com\/blog\/#organization"},"potentialAction":[{"@type":"SearchAction","target":{"@type":"EntryPoint","urlTemplate":"https:\/\/www.granavida.com\/blog\/?s={search_term_string}"},"query-input":{"@type":"PropertyValueSpecification","valueRequired":true,"valueName":"search_term_string"}}],"inLanguage":"es"},{"@type":"Organization","@id":"https:\/\/www.granavida.com\/blog\/#organization","name":"Granavida\u00ae","url":"https:\/\/www.granavida.com\/blog\/","logo":{"@type":"ImageObject","inLanguage":"es","@id":"https:\/\/www.granavida.com\/blog\/#\/schema\/logo\/image\/","url":"https:\/\/www.granavida.com\/blog\/wp-content\/uploads\/2019\/06\/logo-nuevo-tienda.jpg","contentUrl":"https:\/\/www.granavida.com\/blog\/wp-content\/uploads\/2019\/06\/logo-nuevo-tienda.jpg","width":300,"height":100,"caption":"Granavida\u00ae"},"image":{"@id":"https:\/\/www.granavida.com\/blog\/#\/schema\/logo\/image\/"},"sameAs":["https:\/\/www.facebook.com\/granavida\/","https:\/\/x.com\/GRANAVIDA"]}]}},"_links":{"self":[{"href":"https:\/\/www.granavida.com\/blog\/wp-json\/wp\/v2\/categories\/3","targetHints":{"allow":["GET"]}}],"collection":[{"href":"https:\/\/www.granavida.com\/blog\/wp-json\/wp\/v2\/categories"}],"about":[{"href":"https:\/\/www.granavida.com\/blog\/wp-json\/wp\/v2\/taxonomies\/category"}],"wp:post_type":[{"href":"https:\/\/www.granavida.com\/blog\/wp-json\/wp\/v2\/posts?categories=3"}],"curies":[{"name":"wp","href":"https:\/\/api.w.org\/{rel}","templated":true}]}}