{"id":116,"date":"2015-05-22T11:20:09","date_gmt":"2015-05-22T11:20:09","guid":{"rendered":"http:\/\/granavida.com\/blog\/?p=116"},"modified":"2018-09-13T16:52:44","modified_gmt":"2018-09-13T16:52:44","slug":"elaboracion-de-zumo-de-granada","status":"publish","type":"post","link":"https:\/\/www.granavida.com\/blog\/elaboracion-de-zumo-de-granada\/","title":{"rendered":"Elaboraci\u00f3n de zumo de granada Granavida"},"content":{"rendered":"<p>La campa\u00f1a de la granada mollar de Elche se extiende desde la \u00faltima semana de Septiembre hasta el mes de Enero, aunque nosotros en Granadas de Elche solemos comenzar la segunda semana del mes de Octubre, ya que la granada es para esa fecha para cuando comienza a estar madura, \u00a0una vez recogida toda la granada pasamos a la selecci\u00f3n de la fruta que vamos a destinar a zumo (retiramos toda la fruta que no este en condiciones ya sea por estar abiertas o porque han sufrido alg\u00fan tipo de golpe o se han da\u00f1ado durante el transporte), una vez seleccionadas pasan a la planta de elaboraci\u00f3n del zumo esto es por el mes de Diciembre \u2013 Enero, dependiendo si la cosecha de ese a\u00f1o se ha adelantado o atrasado.<a href=\"http:\/\/granavida.com\/blog\/wp-content\/uploads\/2015\/05\/lavado-granada-600-x-400.jpg\"><img fetchpriority=\"high\" decoding=\"async\" class=\"aligncenter wp-image-124 size-full\" title=\"lavado granada 600 x 400\" src=\"http:\/\/granavida.com\/blog\/wp-content\/uploads\/2015\/05\/lavado-granada-600-x-400.jpg\" alt=\"lavado granada 600 x 400\" width=\"600\" height=\"400\" srcset=\"https:\/\/www.granavida.com\/blog\/wp-content\/uploads\/2015\/05\/lavado-granada-600-x-400.jpg 600w, https:\/\/www.granavida.com\/blog\/wp-content\/uploads\/2015\/05\/lavado-granada-600-x-400-300x200.jpg 300w, https:\/\/www.granavida.com\/blog\/wp-content\/uploads\/2015\/05\/lavado-granada-600-x-400-460x306.jpg 460w, https:\/\/www.granavida.com\/blog\/wp-content\/uploads\/2015\/05\/lavado-granada-600-x-400-420x280.jpg 420w\" sizes=\"(max-width: 600px) 100vw, 600px\" \/><\/a><br \/>\nUna vez que ya tenemos seleccionada la fruta y con unas anal\u00edticas muy exhaustivas (controlamos que la granada no contenga ning\u00fan tipo de residuo), la granada llega a la planta de lavado, planta en la cual se lavan para evitar que cualquier tipo de residuo que llegue en la c\u00e1scara pueda pasar de alg\u00fan modo al zumo de granada, por tanto se le da un buen lavado con agua tibia.<br \/>\nUna vez que han pasado por la planta de lavado, las granadas llegan a la planta de extracci\u00f3n del zumo, una maquina es la encargada de coger una a una cada granada y partirla por la mitad, mientras unas c\u00e9lulas fotovoltaicas se encargan de ver que la granada que se esta cortando cumple con los estrictos requisitos de calidad que la empresa Granadas de Elche tiene como base, en caso contrario esa granada es desechada en la elaboraci\u00f3n del zumo de granada Granavida.<a href=\"http:\/\/granavida.com\/blog\/wp-content\/uploads\/2015\/05\/prensado-granada-600-x-400.jpg\"><img decoding=\"async\" class=\"aligncenter wp-image-122 size-full\" title=\"prensado granada 600 x 400\" src=\"http:\/\/granavida.com\/blog\/wp-content\/uploads\/2015\/05\/prensado-granada-600-x-400.jpg\" alt=\"prensado granada 600 x 400\" width=\"600\" height=\"400\" srcset=\"https:\/\/www.granavida.com\/blog\/wp-content\/uploads\/2015\/05\/prensado-granada-600-x-400.jpg 600w, https:\/\/www.granavida.com\/blog\/wp-content\/uploads\/2015\/05\/prensado-granada-600-x-400-300x200.jpg 300w, https:\/\/www.granavida.com\/blog\/wp-content\/uploads\/2015\/05\/prensado-granada-600-x-400-460x306.jpg 460w, https:\/\/www.granavida.com\/blog\/wp-content\/uploads\/2015\/05\/prensado-granada-600-x-400-420x280.jpg 420w\" sizes=\"(max-width: 600px) 100vw, 600px\" \/><\/a><br \/>\nUna vez cortadas y de nuevo seleccionadas, las granadas son prensadas por mitades, para que el zumo de granada conserve todas las propiedades tanto de la c\u00e1scara, como de la semilla, como del grano, mezcl\u00e1ndose todo en el zumo sin quitar ni a\u00f1adir nada.<a href=\"http:\/\/granavida.com\/blog\/wp-content\/uploads\/2015\/05\/prensado-granada-granavida-600-x-400.jpg\"><img decoding=\"async\" class=\"aligncenter wp-image-121 size-full\" title=\"prensado granada granavida 600 x 400\" src=\"http:\/\/granavida.com\/blog\/wp-content\/uploads\/2015\/05\/prensado-granada-granavida-600-x-400.jpg\" alt=\"prensado granada granavida 600 x 400\" width=\"600\" height=\"400\" srcset=\"https:\/\/www.granavida.com\/blog\/wp-content\/uploads\/2015\/05\/prensado-granada-granavida-600-x-400.jpg 600w, https:\/\/www.granavida.com\/blog\/wp-content\/uploads\/2015\/05\/prensado-granada-granavida-600-x-400-300x200.jpg 300w, https:\/\/www.granavida.com\/blog\/wp-content\/uploads\/2015\/05\/prensado-granada-granavida-600-x-400-460x306.jpg 460w, https:\/\/www.granavida.com\/blog\/wp-content\/uploads\/2015\/05\/prensado-granada-granavida-600-x-400-420x280.jpg 420w\" sizes=\"(max-width: 600px) 100vw, 600px\" \/><\/a><br \/>\nUna vez que la granada ya la hemos convertido en zumo, este es introducido en bidones as\u00e9pticos para poder ser llevados a la planta de envasado, sin que el zumo de granada pierda ninguna de sus propiedades, para de esta manera poder llegar hasta el cliente con todas las garant\u00edas que un producto de estas caracter\u00edsticas merece.<br \/>\nEn cada uno de los pasos seguidos tanto por la granada como una vez que la hemos convertido en zumo, los an\u00e1lisis del producto son muy altos para poder seguir en cada momento la calidad requerida por la empresa.<a href=\"http:\/\/granavida.com\/blog\/wp-content\/uploads\/2015\/05\/analisis-del-zumo-de-granada-600-x-400.jpg\"><img loading=\"lazy\" decoding=\"async\" class=\"aligncenter wp-image-117 size-full\" title=\"analisis del zumo de granada 600 x 400\" src=\"http:\/\/granavida.com\/blog\/wp-content\/uploads\/2015\/05\/analisis-del-zumo-de-granada-600-x-400.jpg\" alt=\"analisis del zumo de granada 600 x 400\" width=\"600\" height=\"400\" srcset=\"https:\/\/www.granavida.com\/blog\/wp-content\/uploads\/2015\/05\/analisis-del-zumo-de-granada-600-x-400.jpg 600w, https:\/\/www.granavida.com\/blog\/wp-content\/uploads\/2015\/05\/analisis-del-zumo-de-granada-600-x-400-300x200.jpg 300w, https:\/\/www.granavida.com\/blog\/wp-content\/uploads\/2015\/05\/analisis-del-zumo-de-granada-600-x-400-460x306.jpg 460w, https:\/\/www.granavida.com\/blog\/wp-content\/uploads\/2015\/05\/analisis-del-zumo-de-granada-600-x-400-420x280.jpg 420w\" sizes=\"(max-width: 600px) 100vw, 600px\" \/><\/a><br \/>\nUna vez el zumo de granada llega a la planta de envasado, el producto es envasado en botellines de 200ml y retractilados en cajas de 24 unidades, y es paletizado.<br \/>\nLa maquinaria utilizada para cada una de las partes de la elaboraci\u00f3n y producci\u00f3n de nuestro zumo de granada Granavida, es la m\u00e1s eficaz y que m\u00e1s garant\u00edas de calidad tiene para poder mantener todas las propiedades de este excelente producto.<a href=\"http:\/\/granavida.com\/blog\/wp-content\/uploads\/2015\/05\/analitica-zumo-de-granada-600-x-400.jpg\"><img loading=\"lazy\" decoding=\"async\" class=\"aligncenter wp-image-125 size-full\" title=\"analitica zumo de granada 600 x 400\" src=\"http:\/\/granavida.com\/blog\/wp-content\/uploads\/2015\/05\/analitica-zumo-de-granada-600-x-400.jpg\" alt=\"analitica zumo de granada 600 x 400\" width=\"600\" height=\"400\" srcset=\"https:\/\/www.granavida.com\/blog\/wp-content\/uploads\/2015\/05\/analitica-zumo-de-granada-600-x-400.jpg 600w, https:\/\/www.granavida.com\/blog\/wp-content\/uploads\/2015\/05\/analitica-zumo-de-granada-600-x-400-300x200.jpg 300w, https:\/\/www.granavida.com\/blog\/wp-content\/uploads\/2015\/05\/analitica-zumo-de-granada-600-x-400-460x306.jpg 460w, https:\/\/www.granavida.com\/blog\/wp-content\/uploads\/2015\/05\/analitica-zumo-de-granada-600-x-400-420x280.jpg 420w\" sizes=\"(max-width: 600px) 100vw, 600px\" \/><\/a><br \/>\nPor tanto podemos decir que entre la recogida de la fruta y que usted este disfrutando de nuestro estupendo zumo de granada, tan solo habr\u00e1 pasado unos d\u00edas ya que nosotros controlamos cada uno de los procesos tanto de recogida de la materia prima \u00a0como de la elaboraci\u00f3n y fabricaci\u00f3n.<a href=\"http:\/\/granavida.com\/blog\/wp-content\/uploads\/2015\/05\/zumo-de-granada-bidon-600-x-400.jpg\"><img loading=\"lazy\" decoding=\"async\" class=\"aligncenter wp-image-123 size-full\" title=\"zumo de granada bidon 600 x 400\" src=\"http:\/\/granavida.com\/blog\/wp-content\/uploads\/2015\/05\/zumo-de-granada-bidon-600-x-400.jpg\" alt=\"zumo de granada bidon 600 x 400\" width=\"600\" height=\"400\" srcset=\"https:\/\/www.granavida.com\/blog\/wp-content\/uploads\/2015\/05\/zumo-de-granada-bidon-600-x-400.jpg 600w, https:\/\/www.granavida.com\/blog\/wp-content\/uploads\/2015\/05\/zumo-de-granada-bidon-600-x-400-300x200.jpg 300w, https:\/\/www.granavida.com\/blog\/wp-content\/uploads\/2015\/05\/zumo-de-granada-bidon-600-x-400-460x306.jpg 460w, https:\/\/www.granavida.com\/blog\/wp-content\/uploads\/2015\/05\/zumo-de-granada-bidon-600-x-400-420x280.jpg 420w\" sizes=\"(max-width: 600px) 100vw, 600px\" \/><\/a><br \/>\nPor todo esto es por lo que podemos decir que nuestro zumo de granada Granavida, es el zumo de granada con mayor calidad y garant\u00eda de todo el mercado, ya que mantenemos todas las propiedades de la fruta granada en nuestro zumo de granada.<a href=\"http:\/\/granavida.com\/blog\/wp-content\/uploads\/2015\/05\/elaboracion-granavida-600-x-400.jpg\"><img loading=\"lazy\" decoding=\"async\" class=\"aligncenter wp-image-118 size-full\" title=\"elaboracion granavida 600 x 400\" src=\"http:\/\/granavida.com\/blog\/wp-content\/uploads\/2015\/05\/elaboracion-granavida-600-x-400.jpg\" alt=\"elaboracion granavida 600 x 400\" width=\"600\" height=\"400\" srcset=\"https:\/\/www.granavida.com\/blog\/wp-content\/uploads\/2015\/05\/elaboracion-granavida-600-x-400.jpg 600w, https:\/\/www.granavida.com\/blog\/wp-content\/uploads\/2015\/05\/elaboracion-granavida-600-x-400-300x200.jpg 300w, https:\/\/www.granavida.com\/blog\/wp-content\/uploads\/2015\/05\/elaboracion-granavida-600-x-400-460x306.jpg 460w, https:\/\/www.granavida.com\/blog\/wp-content\/uploads\/2015\/05\/elaboracion-granavida-600-x-400-420x280.jpg 420w\" sizes=\"(max-width: 600px) 100vw, 600px\" \/><\/a><br \/>\nEl zumo de granada es un gran aliado para combatir y prevenir multitud de enfermedades, gracias a que el zumo de granada contiene muchos antioxidantes lo que hace que nuestras c\u00e9lulas est\u00e9n protegidas de los radicales libres, evitando que las mismas envejezcan.<a href=\"http:\/\/granavida.com\/blog\/wp-content\/uploads\/2015\/05\/granavida-elaboracion-600-x-400.jpg\"><img loading=\"lazy\" decoding=\"async\" class=\"aligncenter wp-image-120 size-full\" title=\"granavida elaboracion 600 x 400\" src=\"http:\/\/granavida.com\/blog\/wp-content\/uploads\/2015\/05\/granavida-elaboracion-600-x-400.jpg\" alt=\"granavida elaboracion 600 x 400\" width=\"600\" height=\"400\" srcset=\"https:\/\/www.granavida.com\/blog\/wp-content\/uploads\/2015\/05\/granavida-elaboracion-600-x-400.jpg 600w, https:\/\/www.granavida.com\/blog\/wp-content\/uploads\/2015\/05\/granavida-elaboracion-600-x-400-300x200.jpg 300w, https:\/\/www.granavida.com\/blog\/wp-content\/uploads\/2015\/05\/granavida-elaboracion-600-x-400-460x306.jpg 460w, https:\/\/www.granavida.com\/blog\/wp-content\/uploads\/2015\/05\/granavida-elaboracion-600-x-400-420x280.jpg 420w\" sizes=\"(max-width: 600px) 100vw, 600px\" \/><\/a><\/p>\n","protected":false},"excerpt":{"rendered":"<p>La campa\u00f1a de la granada mollar de Elche se extiende desde la \u00faltima semana de Septiembre hasta el mes de Enero, aunque nosotros en Granadas de Elche solemos comenzar la segunda semana del mes de Octubre, ya que la granada es para esa fecha para cuando comienza a estar madura, \u00a0una vez recogida toda la &#8230; <a title=\"Elaboraci\u00f3n de zumo de granada Granavida\" class=\"read-more\" href=\"https:\/\/www.granavida.com\/blog\/elaboracion-de-zumo-de-granada\/\" aria-label=\"Leer m\u00e1s sobre Elaboraci\u00f3n de zumo de granada Granavida\">Leer Mas<\/a><\/p>\n","protected":false},"author":1,"featured_media":0,"comment_status":"open","ping_status":"open","sticky":false,"template":"","format":"standard","meta":{"footnotes":""},"categories":[2],"tags":[],"class_list":["post-116","post","type-post","status-publish","format-standard","hentry","category-zumo-de-granada"],"acf":[],"yoast_head":"<!-- This site is optimized with the Yoast SEO Premium plugin v27.2 (Yoast SEO v27.2) - https:\/\/yoast.com\/product\/yoast-seo-premium-wordpress\/ -->\n<title>Elaboraci\u00f3n de zumo de granada Granavida | Blog de Granavida\u00ae<\/title>\n<meta name=\"robots\" content=\"index, follow, max-snippet:-1, max-image-preview:large, max-video-preview:-1\" \/>\n<link rel=\"canonical\" href=\"https:\/\/www.granavida.com\/blog\/elaboracion-de-zumo-de-granada\/\" \/>\n<meta property=\"og:locale\" content=\"es_ES\" \/>\n<meta property=\"og:type\" content=\"article\" \/>\n<meta property=\"og:title\" content=\"Elaboraci\u00f3n de zumo de granada Granavida\" \/>\n<meta property=\"og:description\" content=\"La campa\u00f1a de la granada mollar de Elche se extiende desde la \u00faltima semana de Septiembre hasta el mes de Enero, aunque nosotros en Granadas de Elche solemos comenzar la segunda semana del mes de Octubre, ya que la granada es para esa fecha para cuando comienza a estar madura, \u00a0una vez recogida toda la ... Leer Mas\" \/>\n<meta property=\"og:url\" content=\"https:\/\/www.granavida.com\/blog\/elaboracion-de-zumo-de-granada\/\" \/>\n<meta property=\"og:site_name\" content=\"Blog de Granavida\u00ae\" \/>\n<meta property=\"article:publisher\" content=\"https:\/\/www.facebook.com\/granavida\/\" \/>\n<meta property=\"article:published_time\" content=\"2015-05-22T11:20:09+00:00\" \/>\n<meta property=\"article:modified_time\" content=\"2018-09-13T16:52:44+00:00\" \/>\n<meta property=\"og:image\" content=\"http:\/\/granavida.com\/blog\/wp-content\/uploads\/2015\/05\/lavado-granada-600-x-400.jpg\" \/>\n<meta name=\"author\" content=\"Granavida\u00ae- Blog\" \/>\n<meta name=\"twitter:card\" content=\"summary_large_image\" \/>\n<meta name=\"twitter:creator\" content=\"@GRANAVIDA\" \/>\n<meta name=\"twitter:site\" content=\"@GRANAVIDA\" \/>\n<meta name=\"twitter:label1\" content=\"Escrito por\" \/>\n\t<meta name=\"twitter:data1\" content=\"Granavida\u00ae- Blog\" \/>\n\t<meta name=\"twitter:label2\" content=\"Tiempo de lectura\" \/>\n\t<meta name=\"twitter:data2\" content=\"3 minutos\" \/>\n<script type=\"application\/ld+json\" class=\"yoast-schema-graph\">{\"@context\":\"https:\/\/schema.org\",\"@graph\":[{\"@type\":\"Article\",\"@id\":\"https:\/\/www.granavida.com\/blog\/elaboracion-de-zumo-de-granada\/#article\",\"isPartOf\":{\"@id\":\"https:\/\/www.granavida.com\/blog\/elaboracion-de-zumo-de-granada\/\"},\"author\":{\"name\":\"Granavida\u00ae- Blog\",\"@id\":\"https:\/\/www.granavida.com\/blog\/#\/schema\/person\/ca48c1719374d94ab83435acacd2f606\"},\"headline\":\"Elaboraci\u00f3n de zumo de granada Granavida\",\"datePublished\":\"2015-05-22T11:20:09+00:00\",\"dateModified\":\"2018-09-13T16:52:44+00:00\",\"mainEntityOfPage\":{\"@id\":\"https:\/\/www.granavida.com\/blog\/elaboracion-de-zumo-de-granada\/\"},\"wordCount\":666,\"commentCount\":0,\"publisher\":{\"@id\":\"https:\/\/www.granavida.com\/blog\/#organization\"},\"image\":{\"@id\":\"https:\/\/www.granavida.com\/blog\/elaboracion-de-zumo-de-granada\/#primaryimage\"},\"thumbnailUrl\":\"http:\/\/granavida.com\/blog\/wp-content\/uploads\/2015\/05\/lavado-granada-600-x-400.jpg\",\"articleSection\":[\"Zumo de granada\"],\"inLanguage\":\"es\",\"potentialAction\":[{\"@type\":\"CommentAction\",\"name\":\"Comment\",\"target\":[\"https:\/\/www.granavida.com\/blog\/elaboracion-de-zumo-de-granada\/#respond\"]}]},{\"@type\":\"WebPage\",\"@id\":\"https:\/\/www.granavida.com\/blog\/elaboracion-de-zumo-de-granada\/\",\"url\":\"https:\/\/www.granavida.com\/blog\/elaboracion-de-zumo-de-granada\/\",\"name\":\"Elaboraci\u00f3n de zumo de granada Granavida | Blog de Granavida\u00ae\",\"isPartOf\":{\"@id\":\"https:\/\/www.granavida.com\/blog\/#website\"},\"primaryImageOfPage\":{\"@id\":\"https:\/\/www.granavida.com\/blog\/elaboracion-de-zumo-de-granada\/#primaryimage\"},\"image\":{\"@id\":\"https:\/\/www.granavida.com\/blog\/elaboracion-de-zumo-de-granada\/#primaryimage\"},\"thumbnailUrl\":\"http:\/\/granavida.com\/blog\/wp-content\/uploads\/2015\/05\/lavado-granada-600-x-400.jpg\",\"datePublished\":\"2015-05-22T11:20:09+00:00\",\"dateModified\":\"2018-09-13T16:52:44+00:00\",\"breadcrumb\":{\"@id\":\"https:\/\/www.granavida.com\/blog\/elaboracion-de-zumo-de-granada\/#breadcrumb\"},\"inLanguage\":\"es\",\"potentialAction\":[{\"@type\":\"ReadAction\",\"target\":[\"https:\/\/www.granavida.com\/blog\/elaboracion-de-zumo-de-granada\/\"]}]},{\"@type\":\"ImageObject\",\"inLanguage\":\"es\",\"@id\":\"https:\/\/www.granavida.com\/blog\/elaboracion-de-zumo-de-granada\/#primaryimage\",\"url\":\"http:\/\/granavida.com\/blog\/wp-content\/uploads\/2015\/05\/lavado-granada-600-x-400.jpg\",\"contentUrl\":\"http:\/\/granavida.com\/blog\/wp-content\/uploads\/2015\/05\/lavado-granada-600-x-400.jpg\"},{\"@type\":\"BreadcrumbList\",\"@id\":\"https:\/\/www.granavida.com\/blog\/elaboracion-de-zumo-de-granada\/#breadcrumb\",\"itemListElement\":[{\"@type\":\"ListItem\",\"position\":1,\"name\":\"Portada\",\"item\":\"https:\/\/www.granavida.com\/blog\/\"},{\"@type\":\"ListItem\",\"position\":2,\"name\":\"Elaboraci\u00f3n de zumo de granada Granavida\"}]},{\"@type\":\"WebSite\",\"@id\":\"https:\/\/www.granavida.com\/blog\/#website\",\"url\":\"https:\/\/www.granavida.com\/blog\/\",\"name\":\"Zumo de granada Granavida\u00ae\",\"description\":\"Productos elaborados con granadas mollar de elche\",\"publisher\":{\"@id\":\"https:\/\/www.granavida.com\/blog\/#organization\"},\"potentialAction\":[{\"@type\":\"SearchAction\",\"target\":{\"@type\":\"EntryPoint\",\"urlTemplate\":\"https:\/\/www.granavida.com\/blog\/?s={search_term_string}\"},\"query-input\":{\"@type\":\"PropertyValueSpecification\",\"valueRequired\":true,\"valueName\":\"search_term_string\"}}],\"inLanguage\":\"es\"},{\"@type\":\"Organization\",\"@id\":\"https:\/\/www.granavida.com\/blog\/#organization\",\"name\":\"Granavida\u00ae\",\"url\":\"https:\/\/www.granavida.com\/blog\/\",\"logo\":{\"@type\":\"ImageObject\",\"inLanguage\":\"es\",\"@id\":\"https:\/\/www.granavida.com\/blog\/#\/schema\/logo\/image\/\",\"url\":\"https:\/\/www.granavida.com\/blog\/wp-content\/uploads\/2019\/06\/logo-nuevo-tienda.jpg\",\"contentUrl\":\"https:\/\/www.granavida.com\/blog\/wp-content\/uploads\/2019\/06\/logo-nuevo-tienda.jpg\",\"width\":300,\"height\":100,\"caption\":\"Granavida\u00ae\"},\"image\":{\"@id\":\"https:\/\/www.granavida.com\/blog\/#\/schema\/logo\/image\/\"},\"sameAs\":[\"https:\/\/www.facebook.com\/granavida\/\",\"https:\/\/x.com\/GRANAVIDA\"]},{\"@type\":\"Person\",\"@id\":\"https:\/\/www.granavida.com\/blog\/#\/schema\/person\/ca48c1719374d94ab83435acacd2f606\",\"name\":\"Granavida\u00ae- Blog\",\"image\":{\"@type\":\"ImageObject\",\"inLanguage\":\"es\",\"@id\":\"https:\/\/secure.gravatar.com\/avatar\/adee8e7e201fc78c01aed0e87d4322156abbf31424250dbb72b973b29280a57b?s=96&d=mm&r=g\",\"url\":\"https:\/\/secure.gravatar.com\/avatar\/adee8e7e201fc78c01aed0e87d4322156abbf31424250dbb72b973b29280a57b?s=96&d=mm&r=g\",\"contentUrl\":\"https:\/\/secure.gravatar.com\/avatar\/adee8e7e201fc78c01aed0e87d4322156abbf31424250dbb72b973b29280a57b?s=96&d=mm&r=g\",\"caption\":\"Granavida\u00ae- Blog\"},\"url\":\"https:\/\/www.granavida.com\/blog\/author\/admin\/\"}]}<\/script>\n<!-- \/ Yoast SEO Premium plugin. -->","yoast_head_json":{"title":"Elaboraci\u00f3n de zumo de granada Granavida | Blog de Granavida\u00ae","robots":{"index":"index","follow":"follow","max-snippet":"max-snippet:-1","max-image-preview":"max-image-preview:large","max-video-preview":"max-video-preview:-1"},"canonical":"https:\/\/www.granavida.com\/blog\/elaboracion-de-zumo-de-granada\/","og_locale":"es_ES","og_type":"article","og_title":"Elaboraci\u00f3n de zumo de granada Granavida","og_description":"La campa\u00f1a de la granada mollar de Elche se extiende desde la \u00faltima semana de Septiembre hasta el mes de Enero, aunque nosotros en Granadas de Elche solemos comenzar la segunda semana del mes de Octubre, ya que la granada es para esa fecha para cuando comienza a estar madura, \u00a0una vez recogida toda la ... Leer Mas","og_url":"https:\/\/www.granavida.com\/blog\/elaboracion-de-zumo-de-granada\/","og_site_name":"Blog de Granavida\u00ae","article_publisher":"https:\/\/www.facebook.com\/granavida\/","article_published_time":"2015-05-22T11:20:09+00:00","article_modified_time":"2018-09-13T16:52:44+00:00","og_image":[{"url":"http:\/\/granavida.com\/blog\/wp-content\/uploads\/2015\/05\/lavado-granada-600-x-400.jpg","type":"","width":"","height":""}],"author":"Granavida\u00ae- Blog","twitter_card":"summary_large_image","twitter_creator":"@GRANAVIDA","twitter_site":"@GRANAVIDA","twitter_misc":{"Escrito por":"Granavida\u00ae- Blog","Tiempo de lectura":"3 minutos"},"schema":{"@context":"https:\/\/schema.org","@graph":[{"@type":"Article","@id":"https:\/\/www.granavida.com\/blog\/elaboracion-de-zumo-de-granada\/#article","isPartOf":{"@id":"https:\/\/www.granavida.com\/blog\/elaboracion-de-zumo-de-granada\/"},"author":{"name":"Granavida\u00ae- Blog","@id":"https:\/\/www.granavida.com\/blog\/#\/schema\/person\/ca48c1719374d94ab83435acacd2f606"},"headline":"Elaboraci\u00f3n de zumo de granada Granavida","datePublished":"2015-05-22T11:20:09+00:00","dateModified":"2018-09-13T16:52:44+00:00","mainEntityOfPage":{"@id":"https:\/\/www.granavida.com\/blog\/elaboracion-de-zumo-de-granada\/"},"wordCount":666,"commentCount":0,"publisher":{"@id":"https:\/\/www.granavida.com\/blog\/#organization"},"image":{"@id":"https:\/\/www.granavida.com\/blog\/elaboracion-de-zumo-de-granada\/#primaryimage"},"thumbnailUrl":"http:\/\/granavida.com\/blog\/wp-content\/uploads\/2015\/05\/lavado-granada-600-x-400.jpg","articleSection":["Zumo de granada"],"inLanguage":"es","potentialAction":[{"@type":"CommentAction","name":"Comment","target":["https:\/\/www.granavida.com\/blog\/elaboracion-de-zumo-de-granada\/#respond"]}]},{"@type":"WebPage","@id":"https:\/\/www.granavida.com\/blog\/elaboracion-de-zumo-de-granada\/","url":"https:\/\/www.granavida.com\/blog\/elaboracion-de-zumo-de-granada\/","name":"Elaboraci\u00f3n de zumo de granada Granavida | Blog de Granavida\u00ae","isPartOf":{"@id":"https:\/\/www.granavida.com\/blog\/#website"},"primaryImageOfPage":{"@id":"https:\/\/www.granavida.com\/blog\/elaboracion-de-zumo-de-granada\/#primaryimage"},"image":{"@id":"https:\/\/www.granavida.com\/blog\/elaboracion-de-zumo-de-granada\/#primaryimage"},"thumbnailUrl":"http:\/\/granavida.com\/blog\/wp-content\/uploads\/2015\/05\/lavado-granada-600-x-400.jpg","datePublished":"2015-05-22T11:20:09+00:00","dateModified":"2018-09-13T16:52:44+00:00","breadcrumb":{"@id":"https:\/\/www.granavida.com\/blog\/elaboracion-de-zumo-de-granada\/#breadcrumb"},"inLanguage":"es","potentialAction":[{"@type":"ReadAction","target":["https:\/\/www.granavida.com\/blog\/elaboracion-de-zumo-de-granada\/"]}]},{"@type":"ImageObject","inLanguage":"es","@id":"https:\/\/www.granavida.com\/blog\/elaboracion-de-zumo-de-granada\/#primaryimage","url":"http:\/\/granavida.com\/blog\/wp-content\/uploads\/2015\/05\/lavado-granada-600-x-400.jpg","contentUrl":"http:\/\/granavida.com\/blog\/wp-content\/uploads\/2015\/05\/lavado-granada-600-x-400.jpg"},{"@type":"BreadcrumbList","@id":"https:\/\/www.granavida.com\/blog\/elaboracion-de-zumo-de-granada\/#breadcrumb","itemListElement":[{"@type":"ListItem","position":1,"name":"Portada","item":"https:\/\/www.granavida.com\/blog\/"},{"@type":"ListItem","position":2,"name":"Elaboraci\u00f3n de zumo de granada Granavida"}]},{"@type":"WebSite","@id":"https:\/\/www.granavida.com\/blog\/#website","url":"https:\/\/www.granavida.com\/blog\/","name":"Zumo de granada Granavida\u00ae","description":"Productos elaborados con granadas mollar de elche","publisher":{"@id":"https:\/\/www.granavida.com\/blog\/#organization"},"potentialAction":[{"@type":"SearchAction","target":{"@type":"EntryPoint","urlTemplate":"https:\/\/www.granavida.com\/blog\/?s={search_term_string}"},"query-input":{"@type":"PropertyValueSpecification","valueRequired":true,"valueName":"search_term_string"}}],"inLanguage":"es"},{"@type":"Organization","@id":"https:\/\/www.granavida.com\/blog\/#organization","name":"Granavida\u00ae","url":"https:\/\/www.granavida.com\/blog\/","logo":{"@type":"ImageObject","inLanguage":"es","@id":"https:\/\/www.granavida.com\/blog\/#\/schema\/logo\/image\/","url":"https:\/\/www.granavida.com\/blog\/wp-content\/uploads\/2019\/06\/logo-nuevo-tienda.jpg","contentUrl":"https:\/\/www.granavida.com\/blog\/wp-content\/uploads\/2019\/06\/logo-nuevo-tienda.jpg","width":300,"height":100,"caption":"Granavida\u00ae"},"image":{"@id":"https:\/\/www.granavida.com\/blog\/#\/schema\/logo\/image\/"},"sameAs":["https:\/\/www.facebook.com\/granavida\/","https:\/\/x.com\/GRANAVIDA"]},{"@type":"Person","@id":"https:\/\/www.granavida.com\/blog\/#\/schema\/person\/ca48c1719374d94ab83435acacd2f606","name":"Granavida\u00ae- Blog","image":{"@type":"ImageObject","inLanguage":"es","@id":"https:\/\/secure.gravatar.com\/avatar\/adee8e7e201fc78c01aed0e87d4322156abbf31424250dbb72b973b29280a57b?s=96&d=mm&r=g","url":"https:\/\/secure.gravatar.com\/avatar\/adee8e7e201fc78c01aed0e87d4322156abbf31424250dbb72b973b29280a57b?s=96&d=mm&r=g","contentUrl":"https:\/\/secure.gravatar.com\/avatar\/adee8e7e201fc78c01aed0e87d4322156abbf31424250dbb72b973b29280a57b?s=96&d=mm&r=g","caption":"Granavida\u00ae- Blog"},"url":"https:\/\/www.granavida.com\/blog\/author\/admin\/"}]}},"_links":{"self":[{"href":"https:\/\/www.granavida.com\/blog\/wp-json\/wp\/v2\/posts\/116","targetHints":{"allow":["GET"]}}],"collection":[{"href":"https:\/\/www.granavida.com\/blog\/wp-json\/wp\/v2\/posts"}],"about":[{"href":"https:\/\/www.granavida.com\/blog\/wp-json\/wp\/v2\/types\/post"}],"author":[{"embeddable":true,"href":"https:\/\/www.granavida.com\/blog\/wp-json\/wp\/v2\/users\/1"}],"replies":[{"embeddable":true,"href":"https:\/\/www.granavida.com\/blog\/wp-json\/wp\/v2\/comments?post=116"}],"version-history":[{"count":0,"href":"https:\/\/www.granavida.com\/blog\/wp-json\/wp\/v2\/posts\/116\/revisions"}],"wp:attachment":[{"href":"https:\/\/www.granavida.com\/blog\/wp-json\/wp\/v2\/media?parent=116"}],"wp:term":[{"taxonomy":"category","embeddable":true,"href":"https:\/\/www.granavida.com\/blog\/wp-json\/wp\/v2\/categories?post=116"},{"taxonomy":"post_tag","embeddable":true,"href":"https:\/\/www.granavida.com\/blog\/wp-json\/wp\/v2\/tags?post=116"}],"curies":[{"name":"wp","href":"https:\/\/api.w.org\/{rel}","templated":true}]}}