{"id":189,"date":"2015-05-28T11:57:24","date_gmt":"2015-05-28T11:57:24","guid":{"rendered":"http:\/\/granavida.com\/blog\/?p=189"},"modified":"2018-09-13T16:52:19","modified_gmt":"2018-09-13T16:52:19","slug":"debemos-ser-ecologicos","status":"publish","type":"post","link":"https:\/\/www.granavida.com\/blog\/debemos-ser-ecologicos\/","title":{"rendered":"\u00bfDebemos ser ecol\u00f3gicos?"},"content":{"rendered":"<p>A la pregunta si debemos ser ecol\u00f3gicos, deber\u00edamos tener la respuesta en nuestra forma cotidiana de vivir desde hace ya tiempo, ya que lo que se ha dado por llamar ser ecol\u00f3gicos es lo que desde siempre hicieron nuestros antepasados, tratar a la naturaleza de manera respetuosa ya que con ello consegu\u00edan alimentos para sobrevivir, ellos sab\u00edan de la importancia de cuidar el entorno para tener muy buenos alimentos y durante todo el a\u00f1o.<br \/>\nHoy ese tipo de respeto por la naturaleza lo podemos traducir a coger la bicicleta m\u00e1s que el coche (sobre todo en ciudad), utilizar energ\u00edas renovables como placas solares, energ\u00eda e\u00f3lica, etc. El tan nombrado cambio clim\u00e1tico, sobre todo en los medios de comunicaci\u00f3n hace que la tendencia a ser mas respetuosos con nuestro entorno y por ende con la naturaleza este mas en auge cada d\u00eda.<a href=\"http:\/\/granavida.com\/blog\/wp-content\/uploads\/2015\/05\/mano-600-x-400.jpg\"><img fetchpriority=\"high\" decoding=\"async\" class=\"aligncenter size-full wp-image-191\" src=\"http:\/\/granavida.com\/blog\/wp-content\/uploads\/2015\/05\/mano-600-x-400.jpg\" alt=\"mano 600 x 400\" width=\"600\" height=\"400\" srcset=\"https:\/\/www.granavida.com\/blog\/wp-content\/uploads\/2015\/05\/mano-600-x-400.jpg 600w, https:\/\/www.granavida.com\/blog\/wp-content\/uploads\/2015\/05\/mano-600-x-400-300x200.jpg 300w, https:\/\/www.granavida.com\/blog\/wp-content\/uploads\/2015\/05\/mano-600-x-400-460x306.jpg 460w, https:\/\/www.granavida.com\/blog\/wp-content\/uploads\/2015\/05\/mano-600-x-400-420x280.jpg 420w\" sizes=\"(max-width: 600px) 100vw, 600px\" \/><\/a><\/p>\n<h2>Razones para ser ecol\u00f3gicos:<\/h2>\n<p><strong>1-Aire puro<\/strong><br \/>\nSi reduj\u00e9ramos el uso de nuestro coche y pusi\u00e9ramos lo menos posible la calefacci\u00f3n en nuestra casa, estar\u00edamos ayudando a reducir de manera significativa las part\u00edculas nocivas y contaminantes de nuestro aire, por tanto har\u00edamos que el aire fuese mas limpio y mucho mas agradable de respirar, sin nombrar lo bueno que seria tanto para nuestra salud como para la de los animales que nos rodean el respirar aire puro.<br \/>\n<strong>2-Agua pura<\/strong><br \/>\nComo sabemos el agua es fuente de vida, cuando de una manera incontrolada se suceden vertidos contaminantes en nuestro r\u00edos y lagos, todos estamos pagando las consecuencias de ello, para ello debemos aprender a utilizar m\u00e9todos para tratar de ser mas ecol\u00f3gicos con el tratamiento del agua, las autoridades deben de evitar a toda costa que nuestro r\u00edos, embalses, lagos y mares se llenen de agentes contaminantes, por tanto la protecci\u00f3n de las aguas deben de ser claras y respetuosas con nuestro entorno.<br \/>\n<strong>3-Cuidado del h\u00e1bitat<\/strong><br \/>\nCuando los seres humanos respetamos el h\u00e1bitat natural de las especies, estamos respetando el ecosistema, los animales carn\u00edvoros por poner un ejemplo, necesitan una gran cantidad de terreno para poder sobrevivir, si no les dejamos este h\u00e1bitat poco a poco especies como el lobo o el oso pardo ir\u00e1n desapareciendo de manera salvaje y solamente podremos disfrutar de su presencia enjaulados en zool\u00f3gicos, por tanto vamos a respetar en lo posible el h\u00e1bitat natural de los animales para de esta forma hacernos un buen regalo, seguir disfrutando de la presencia de manera salvaje de estos grupos de animales.<br \/>\n<strong>4-Bosques<\/strong><br \/>\nLos bosques nos hacen el gran favor de regular el clima, de surtirnos del oxigeno que nos es tan necesario para vivir, de darnos sombra en los momentos de calor y de le\u00f1a par fuego cuando hace fr\u00edo, nosotros en cambio en agradecimiento los talamos de manera masiva y descontrolada con el \u00fanico fin de vender su madera o para edificar casas y chalet en la sierra, si realmente queremos vivir en la sierra una tienda de campa\u00f1a es la mejor de las opciones.<br \/>\n<strong>5-Salud<\/strong><br \/>\nEl utilizar alimentos de origen ecol\u00f3gico, no solo estaremos ayudando a este planeta, si no que adem\u00e1s nos estaremos ayudando a nosotros mismos, y a la agricultura y ganader\u00eda local, ya que estaremos consumiendo productos de nuestra propia tierra como por ejemplo en la ciudad de Elche, aqu\u00ed disponemos de una gran variedad de productos ecol\u00f3gicos tales como granadas mollar de Elche, brevas, higos, alcachofas y as\u00ed un largo etc. Esto nos permite disfrutar de estos alimentos y sus derivados como el zumo de granada, un alimento sano y natural el cual nos aporta todos los antioxidantes necesarios para nuestra vida diaria, pan de higo, un alimento muy caracter\u00edstico de esta zona, alcachofas al ba\u00f1o Mar\u00eda, una manera de conservar las estupendas alcachofas de esta tierra durante todo el a\u00f1o, puede comprar zumo de granada en la tienda del campo de elche.<br \/>\nPor tanto acabaremos diciendo que el ser ecol\u00f3gicos nos ayuda a nosotros mismos ya que nuestra salud se vera muy mejorada y de paso mejoraremos nuestro entorno.<\/p>\n","protected":false},"excerpt":{"rendered":"<p>A la pregunta si debemos ser ecol\u00f3gicos, deber\u00edamos tener la respuesta en nuestra forma cotidiana de vivir desde hace ya tiempo, ya que lo que se ha dado por llamar ser ecol\u00f3gicos es lo que desde siempre hicieron nuestros antepasados, tratar a la naturaleza de manera respetuosa ya que con ello consegu\u00edan alimentos para sobrevivir, &#8230; <a title=\"\u00bfDebemos ser ecol\u00f3gicos?\" class=\"read-more\" href=\"https:\/\/www.granavida.com\/blog\/debemos-ser-ecologicos\/\" aria-label=\"Leer m\u00e1s sobre \u00bfDebemos ser ecol\u00f3gicos?\">Leer Mas<\/a><\/p>\n","protected":false},"author":3,"featured_media":190,"comment_status":"open","ping_status":"open","sticky":false,"template":"","format":"standard","meta":{"footnotes":""},"categories":[3],"tags":[],"class_list":["post-189","post","type-post","status-publish","format-standard","has-post-thumbnail","hentry","category-ecologia"],"acf":[],"yoast_head":"<!-- This site is optimized with the Yoast SEO Premium plugin v27.2 (Yoast SEO v27.2) - https:\/\/yoast.com\/product\/yoast-seo-premium-wordpress\/ -->\n<title>\u00bfDebemos ser ecol\u00f3gicos? | Blog de Granavida\u00ae<\/title>\n<meta name=\"robots\" content=\"index, follow, max-snippet:-1, max-image-preview:large, max-video-preview:-1\" \/>\n<link rel=\"canonical\" href=\"https:\/\/www.granavida.com\/blog\/debemos-ser-ecologicos\/\" \/>\n<meta property=\"og:locale\" content=\"es_ES\" \/>\n<meta property=\"og:type\" content=\"article\" \/>\n<meta property=\"og:title\" content=\"\u00bfDebemos ser ecol\u00f3gicos?\" \/>\n<meta property=\"og:description\" content=\"A la pregunta si debemos ser ecol\u00f3gicos, deber\u00edamos tener la respuesta en nuestra forma cotidiana de vivir desde hace ya tiempo, ya que lo que se ha dado por llamar ser ecol\u00f3gicos es lo que desde siempre hicieron nuestros antepasados, tratar a la naturaleza de manera respetuosa ya que con ello consegu\u00edan alimentos para sobrevivir, ... Leer Mas\" \/>\n<meta property=\"og:url\" content=\"https:\/\/www.granavida.com\/blog\/debemos-ser-ecologicos\/\" \/>\n<meta property=\"og:site_name\" content=\"Blog de Granavida\u00ae\" \/>\n<meta property=\"article:publisher\" content=\"https:\/\/www.facebook.com\/granavida\/\" \/>\n<meta property=\"article:published_time\" content=\"2015-05-28T11:57:24+00:00\" \/>\n<meta property=\"article:modified_time\" content=\"2018-09-13T16:52:19+00:00\" \/>\n<meta property=\"og:image\" content=\"https:\/\/www.granavida.com\/blog\/wp-content\/uploads\/2015\/05\/mano-300-x-153.jpg\" \/>\n\t<meta property=\"og:image:width\" content=\"300\" \/>\n\t<meta property=\"og:image:height\" content=\"153\" \/>\n\t<meta property=\"og:image:type\" content=\"image\/jpeg\" \/>\n<meta name=\"author\" content=\"granavida\" \/>\n<meta name=\"twitter:card\" content=\"summary_large_image\" \/>\n<meta name=\"twitter:creator\" content=\"@GRANAVIDA\" \/>\n<meta name=\"twitter:site\" content=\"@GRANAVIDA\" \/>\n<meta name=\"twitter:label1\" content=\"Escrito por\" \/>\n\t<meta name=\"twitter:data1\" content=\"granavida\" \/>\n\t<meta name=\"twitter:label2\" content=\"Tiempo de lectura\" \/>\n\t<meta name=\"twitter:data2\" content=\"4 minutos\" \/>\n<script type=\"application\/ld+json\" class=\"yoast-schema-graph\">{\"@context\":\"https:\/\/schema.org\",\"@graph\":[{\"@type\":\"Article\",\"@id\":\"https:\/\/www.granavida.com\/blog\/debemos-ser-ecologicos\/#article\",\"isPartOf\":{\"@id\":\"https:\/\/www.granavida.com\/blog\/debemos-ser-ecologicos\/\"},\"author\":{\"name\":\"granavida\",\"@id\":\"https:\/\/www.granavida.com\/blog\/#\/schema\/person\/ec16eaf0ec0b03c89ffe5c68edc726b6\"},\"headline\":\"\u00bfDebemos ser ecol\u00f3gicos?\",\"datePublished\":\"2015-05-28T11:57:24+00:00\",\"dateModified\":\"2018-09-13T16:52:19+00:00\",\"mainEntityOfPage\":{\"@id\":\"https:\/\/www.granavida.com\/blog\/debemos-ser-ecologicos\/\"},\"wordCount\":706,\"commentCount\":0,\"publisher\":{\"@id\":\"https:\/\/www.granavida.com\/blog\/#organization\"},\"image\":{\"@id\":\"https:\/\/www.granavida.com\/blog\/debemos-ser-ecologicos\/#primaryimage\"},\"thumbnailUrl\":\"https:\/\/www.granavida.com\/blog\/wp-content\/uploads\/2015\/05\/mano-300-x-153.jpg\",\"articleSection\":[\"Ecolog\u00eda\"],\"inLanguage\":\"es\",\"potentialAction\":[{\"@type\":\"CommentAction\",\"name\":\"Comment\",\"target\":[\"https:\/\/www.granavida.com\/blog\/debemos-ser-ecologicos\/#respond\"]}]},{\"@type\":\"WebPage\",\"@id\":\"https:\/\/www.granavida.com\/blog\/debemos-ser-ecologicos\/\",\"url\":\"https:\/\/www.granavida.com\/blog\/debemos-ser-ecologicos\/\",\"name\":\"\u00bfDebemos ser ecol\u00f3gicos? | Blog de Granavida\u00ae\",\"isPartOf\":{\"@id\":\"https:\/\/www.granavida.com\/blog\/#website\"},\"primaryImageOfPage\":{\"@id\":\"https:\/\/www.granavida.com\/blog\/debemos-ser-ecologicos\/#primaryimage\"},\"image\":{\"@id\":\"https:\/\/www.granavida.com\/blog\/debemos-ser-ecologicos\/#primaryimage\"},\"thumbnailUrl\":\"https:\/\/www.granavida.com\/blog\/wp-content\/uploads\/2015\/05\/mano-300-x-153.jpg\",\"datePublished\":\"2015-05-28T11:57:24+00:00\",\"dateModified\":\"2018-09-13T16:52:19+00:00\",\"breadcrumb\":{\"@id\":\"https:\/\/www.granavida.com\/blog\/debemos-ser-ecologicos\/#breadcrumb\"},\"inLanguage\":\"es\",\"potentialAction\":[{\"@type\":\"ReadAction\",\"target\":[\"https:\/\/www.granavida.com\/blog\/debemos-ser-ecologicos\/\"]}]},{\"@type\":\"ImageObject\",\"inLanguage\":\"es\",\"@id\":\"https:\/\/www.granavida.com\/blog\/debemos-ser-ecologicos\/#primaryimage\",\"url\":\"https:\/\/www.granavida.com\/blog\/wp-content\/uploads\/2015\/05\/mano-300-x-153.jpg\",\"contentUrl\":\"https:\/\/www.granavida.com\/blog\/wp-content\/uploads\/2015\/05\/mano-300-x-153.jpg\",\"width\":300,\"height\":153,\"caption\":\"tu mundo en tus manos\"},{\"@type\":\"BreadcrumbList\",\"@id\":\"https:\/\/www.granavida.com\/blog\/debemos-ser-ecologicos\/#breadcrumb\",\"itemListElement\":[{\"@type\":\"ListItem\",\"position\":1,\"name\":\"Portada\",\"item\":\"https:\/\/www.granavida.com\/blog\/\"},{\"@type\":\"ListItem\",\"position\":2,\"name\":\"\u00bfDebemos ser ecol\u00f3gicos?\"}]},{\"@type\":\"WebSite\",\"@id\":\"https:\/\/www.granavida.com\/blog\/#website\",\"url\":\"https:\/\/www.granavida.com\/blog\/\",\"name\":\"Zumo de granada Granavida\u00ae\",\"description\":\"Productos elaborados con granadas mollar de elche\",\"publisher\":{\"@id\":\"https:\/\/www.granavida.com\/blog\/#organization\"},\"potentialAction\":[{\"@type\":\"SearchAction\",\"target\":{\"@type\":\"EntryPoint\",\"urlTemplate\":\"https:\/\/www.granavida.com\/blog\/?s={search_term_string}\"},\"query-input\":{\"@type\":\"PropertyValueSpecification\",\"valueRequired\":true,\"valueName\":\"search_term_string\"}}],\"inLanguage\":\"es\"},{\"@type\":\"Organization\",\"@id\":\"https:\/\/www.granavida.com\/blog\/#organization\",\"name\":\"Granavida\u00ae\",\"url\":\"https:\/\/www.granavida.com\/blog\/\",\"logo\":{\"@type\":\"ImageObject\",\"inLanguage\":\"es\",\"@id\":\"https:\/\/www.granavida.com\/blog\/#\/schema\/logo\/image\/\",\"url\":\"https:\/\/www.granavida.com\/blog\/wp-content\/uploads\/2019\/06\/logo-nuevo-tienda.jpg\",\"contentUrl\":\"https:\/\/www.granavida.com\/blog\/wp-content\/uploads\/2019\/06\/logo-nuevo-tienda.jpg\",\"width\":300,\"height\":100,\"caption\":\"Granavida\u00ae\"},\"image\":{\"@id\":\"https:\/\/www.granavida.com\/blog\/#\/schema\/logo\/image\/\"},\"sameAs\":[\"https:\/\/www.facebook.com\/granavida\/\",\"https:\/\/x.com\/GRANAVIDA\"]},{\"@type\":\"Person\",\"@id\":\"https:\/\/www.granavida.com\/blog\/#\/schema\/person\/ec16eaf0ec0b03c89ffe5c68edc726b6\",\"name\":\"granavida\",\"image\":{\"@type\":\"ImageObject\",\"inLanguage\":\"es\",\"@id\":\"https:\/\/secure.gravatar.com\/avatar\/bb417b95486a45322f7eec3b6278b2052dbeffcaf2b98e224ae12ac65e986fca?s=96&d=mm&r=g\",\"url\":\"https:\/\/secure.gravatar.com\/avatar\/bb417b95486a45322f7eec3b6278b2052dbeffcaf2b98e224ae12ac65e986fca?s=96&d=mm&r=g\",\"contentUrl\":\"https:\/\/secure.gravatar.com\/avatar\/bb417b95486a45322f7eec3b6278b2052dbeffcaf2b98e224ae12ac65e986fca?s=96&d=mm&r=g\",\"caption\":\"granavida\"},\"sameAs\":[\"http:\/\/www.granavida.com\"],\"url\":\"https:\/\/www.granavida.com\/blog\/author\/granavida\/\"}]}<\/script>\n<!-- \/ Yoast SEO Premium plugin. -->","yoast_head_json":{"title":"\u00bfDebemos ser ecol\u00f3gicos? | Blog de Granavida\u00ae","robots":{"index":"index","follow":"follow","max-snippet":"max-snippet:-1","max-image-preview":"max-image-preview:large","max-video-preview":"max-video-preview:-1"},"canonical":"https:\/\/www.granavida.com\/blog\/debemos-ser-ecologicos\/","og_locale":"es_ES","og_type":"article","og_title":"\u00bfDebemos ser ecol\u00f3gicos?","og_description":"A la pregunta si debemos ser ecol\u00f3gicos, deber\u00edamos tener la respuesta en nuestra forma cotidiana de vivir desde hace ya tiempo, ya que lo que se ha dado por llamar ser ecol\u00f3gicos es lo que desde siempre hicieron nuestros antepasados, tratar a la naturaleza de manera respetuosa ya que con ello consegu\u00edan alimentos para sobrevivir, ... Leer Mas","og_url":"https:\/\/www.granavida.com\/blog\/debemos-ser-ecologicos\/","og_site_name":"Blog de Granavida\u00ae","article_publisher":"https:\/\/www.facebook.com\/granavida\/","article_published_time":"2015-05-28T11:57:24+00:00","article_modified_time":"2018-09-13T16:52:19+00:00","og_image":[{"width":300,"height":153,"url":"https:\/\/www.granavida.com\/blog\/wp-content\/uploads\/2015\/05\/mano-300-x-153.jpg","type":"image\/jpeg"}],"author":"granavida","twitter_card":"summary_large_image","twitter_creator":"@GRANAVIDA","twitter_site":"@GRANAVIDA","twitter_misc":{"Escrito por":"granavida","Tiempo de lectura":"4 minutos"},"schema":{"@context":"https:\/\/schema.org","@graph":[{"@type":"Article","@id":"https:\/\/www.granavida.com\/blog\/debemos-ser-ecologicos\/#article","isPartOf":{"@id":"https:\/\/www.granavida.com\/blog\/debemos-ser-ecologicos\/"},"author":{"name":"granavida","@id":"https:\/\/www.granavida.com\/blog\/#\/schema\/person\/ec16eaf0ec0b03c89ffe5c68edc726b6"},"headline":"\u00bfDebemos ser ecol\u00f3gicos?","datePublished":"2015-05-28T11:57:24+00:00","dateModified":"2018-09-13T16:52:19+00:00","mainEntityOfPage":{"@id":"https:\/\/www.granavida.com\/blog\/debemos-ser-ecologicos\/"},"wordCount":706,"commentCount":0,"publisher":{"@id":"https:\/\/www.granavida.com\/blog\/#organization"},"image":{"@id":"https:\/\/www.granavida.com\/blog\/debemos-ser-ecologicos\/#primaryimage"},"thumbnailUrl":"https:\/\/www.granavida.com\/blog\/wp-content\/uploads\/2015\/05\/mano-300-x-153.jpg","articleSection":["Ecolog\u00eda"],"inLanguage":"es","potentialAction":[{"@type":"CommentAction","name":"Comment","target":["https:\/\/www.granavida.com\/blog\/debemos-ser-ecologicos\/#respond"]}]},{"@type":"WebPage","@id":"https:\/\/www.granavida.com\/blog\/debemos-ser-ecologicos\/","url":"https:\/\/www.granavida.com\/blog\/debemos-ser-ecologicos\/","name":"\u00bfDebemos ser ecol\u00f3gicos? | Blog de Granavida\u00ae","isPartOf":{"@id":"https:\/\/www.granavida.com\/blog\/#website"},"primaryImageOfPage":{"@id":"https:\/\/www.granavida.com\/blog\/debemos-ser-ecologicos\/#primaryimage"},"image":{"@id":"https:\/\/www.granavida.com\/blog\/debemos-ser-ecologicos\/#primaryimage"},"thumbnailUrl":"https:\/\/www.granavida.com\/blog\/wp-content\/uploads\/2015\/05\/mano-300-x-153.jpg","datePublished":"2015-05-28T11:57:24+00:00","dateModified":"2018-09-13T16:52:19+00:00","breadcrumb":{"@id":"https:\/\/www.granavida.com\/blog\/debemos-ser-ecologicos\/#breadcrumb"},"inLanguage":"es","potentialAction":[{"@type":"ReadAction","target":["https:\/\/www.granavida.com\/blog\/debemos-ser-ecologicos\/"]}]},{"@type":"ImageObject","inLanguage":"es","@id":"https:\/\/www.granavida.com\/blog\/debemos-ser-ecologicos\/#primaryimage","url":"https:\/\/www.granavida.com\/blog\/wp-content\/uploads\/2015\/05\/mano-300-x-153.jpg","contentUrl":"https:\/\/www.granavida.com\/blog\/wp-content\/uploads\/2015\/05\/mano-300-x-153.jpg","width":300,"height":153,"caption":"tu mundo en tus manos"},{"@type":"BreadcrumbList","@id":"https:\/\/www.granavida.com\/blog\/debemos-ser-ecologicos\/#breadcrumb","itemListElement":[{"@type":"ListItem","position":1,"name":"Portada","item":"https:\/\/www.granavida.com\/blog\/"},{"@type":"ListItem","position":2,"name":"\u00bfDebemos ser ecol\u00f3gicos?"}]},{"@type":"WebSite","@id":"https:\/\/www.granavida.com\/blog\/#website","url":"https:\/\/www.granavida.com\/blog\/","name":"Zumo de granada Granavida\u00ae","description":"Productos elaborados con granadas mollar de elche","publisher":{"@id":"https:\/\/www.granavida.com\/blog\/#organization"},"potentialAction":[{"@type":"SearchAction","target":{"@type":"EntryPoint","urlTemplate":"https:\/\/www.granavida.com\/blog\/?s={search_term_string}"},"query-input":{"@type":"PropertyValueSpecification","valueRequired":true,"valueName":"search_term_string"}}],"inLanguage":"es"},{"@type":"Organization","@id":"https:\/\/www.granavida.com\/blog\/#organization","name":"Granavida\u00ae","url":"https:\/\/www.granavida.com\/blog\/","logo":{"@type":"ImageObject","inLanguage":"es","@id":"https:\/\/www.granavida.com\/blog\/#\/schema\/logo\/image\/","url":"https:\/\/www.granavida.com\/blog\/wp-content\/uploads\/2019\/06\/logo-nuevo-tienda.jpg","contentUrl":"https:\/\/www.granavida.com\/blog\/wp-content\/uploads\/2019\/06\/logo-nuevo-tienda.jpg","width":300,"height":100,"caption":"Granavida\u00ae"},"image":{"@id":"https:\/\/www.granavida.com\/blog\/#\/schema\/logo\/image\/"},"sameAs":["https:\/\/www.facebook.com\/granavida\/","https:\/\/x.com\/GRANAVIDA"]},{"@type":"Person","@id":"https:\/\/www.granavida.com\/blog\/#\/schema\/person\/ec16eaf0ec0b03c89ffe5c68edc726b6","name":"granavida","image":{"@type":"ImageObject","inLanguage":"es","@id":"https:\/\/secure.gravatar.com\/avatar\/bb417b95486a45322f7eec3b6278b2052dbeffcaf2b98e224ae12ac65e986fca?s=96&d=mm&r=g","url":"https:\/\/secure.gravatar.com\/avatar\/bb417b95486a45322f7eec3b6278b2052dbeffcaf2b98e224ae12ac65e986fca?s=96&d=mm&r=g","contentUrl":"https:\/\/secure.gravatar.com\/avatar\/bb417b95486a45322f7eec3b6278b2052dbeffcaf2b98e224ae12ac65e986fca?s=96&d=mm&r=g","caption":"granavida"},"sameAs":["http:\/\/www.granavida.com"],"url":"https:\/\/www.granavida.com\/blog\/author\/granavida\/"}]}},"_links":{"self":[{"href":"https:\/\/www.granavida.com\/blog\/wp-json\/wp\/v2\/posts\/189","targetHints":{"allow":["GET"]}}],"collection":[{"href":"https:\/\/www.granavida.com\/blog\/wp-json\/wp\/v2\/posts"}],"about":[{"href":"https:\/\/www.granavida.com\/blog\/wp-json\/wp\/v2\/types\/post"}],"author":[{"embeddable":true,"href":"https:\/\/www.granavida.com\/blog\/wp-json\/wp\/v2\/users\/3"}],"replies":[{"embeddable":true,"href":"https:\/\/www.granavida.com\/blog\/wp-json\/wp\/v2\/comments?post=189"}],"version-history":[{"count":0,"href":"https:\/\/www.granavida.com\/blog\/wp-json\/wp\/v2\/posts\/189\/revisions"}],"wp:featuredmedia":[{"embeddable":true,"href":"https:\/\/www.granavida.com\/blog\/wp-json\/wp\/v2\/media\/190"}],"wp:attachment":[{"href":"https:\/\/www.granavida.com\/blog\/wp-json\/wp\/v2\/media?parent=189"}],"wp:term":[{"taxonomy":"category","embeddable":true,"href":"https:\/\/www.granavida.com\/blog\/wp-json\/wp\/v2\/categories?post=189"},{"taxonomy":"post_tag","embeddable":true,"href":"https:\/\/www.granavida.com\/blog\/wp-json\/wp\/v2\/tags?post=189"}],"curies":[{"name":"wp","href":"https:\/\/api.w.org\/{rel}","templated":true}]}}