{"id":217,"date":"2015-06-15T17:00:36","date_gmt":"2015-06-15T17:00:36","guid":{"rendered":"http:\/\/www.granavida.com\/blog\/?p=217"},"modified":"2018-09-13T16:51:00","modified_gmt":"2018-09-13T16:51:00","slug":"cual-es-la-mejor-fruta-granada","status":"publish","type":"post","link":"https:\/\/www.granavida.com\/blog\/cual-es-la-mejor-fruta-granada\/","title":{"rendered":"\u00bfCu\u00e1l es la mejor fruta granada?"},"content":{"rendered":"<p>Si nos preguntamos \u00bfCu\u00e1l es la mejor fruta granada?, la contestaci\u00f3n es f\u00e1cil, la mejor variedad de fruta granada es la mollar de elche y esto es debido tanto a su sabor como a la textura de sus granos, vamos a conocer cuantas variedades existen de granada fruta y sus caracter\u00edsticas.<a href=\"http:\/\/www.granavida.com\/blog\/wp-content\/uploads\/2015\/06\/arbol-granado-600x400.jpg\"><img fetchpriority=\"high\" decoding=\"async\" class=\"aligncenter wp-image-220 size-full\" title=\"arbol granado 600x400\" src=\"http:\/\/www.granavida.com\/blog\/wp-content\/uploads\/2015\/06\/arbol-granado-600x400.jpg\" alt=\"arbol granado 600x400\" width=\"600\" height=\"400\" srcset=\"https:\/\/www.granavida.com\/blog\/wp-content\/uploads\/2015\/06\/arbol-granado-600x400.jpg 600w, https:\/\/www.granavida.com\/blog\/wp-content\/uploads\/2015\/06\/arbol-granado-600x400-300x200.jpg 300w, https:\/\/www.granavida.com\/blog\/wp-content\/uploads\/2015\/06\/arbol-granado-600x400-460x306.jpg 460w, https:\/\/www.granavida.com\/blog\/wp-content\/uploads\/2015\/06\/arbol-granado-600x400-420x280.jpg 420w\" sizes=\"(max-width: 600px) 100vw, 600px\" \/><\/a><\/p>\n<h2>Variedades cultivadas en Espa\u00f1a<\/h2>\n<p><strong>Fruta granada variedad Blanca<\/strong><br \/>\nEsta variedad esta caracterizada por una fruta granada de tama\u00f1o mediano, arilos rosados y de piel lisa.<br \/>\n<strong>Fruta granada variedad Valenciana<\/strong><br \/>\nEl origen de esta variedad de fruta granada como su propio nombre indica es la Comunidad Valenciana, la diferencia con la variedad Mollar(hablaremos de ella despu\u00e9s) es el momento de recolecci\u00f3n, la recolecci\u00f3n de esta variedad de fruta granada es entre primeros de Agosto y mediados de Septiembre, es una fruta de menor calidad debido a lo temprano de su recolecci\u00f3n, el color de sus arilos es rosa claro casi blanco y el exterior de esta variedad de fruta granada es un rosa intenso, al recolectarse tan temprano los problemas de albardado y de rayado pendicular son muy menores que por ejemplo el de la variedad Mollar de Elche, las piezas suelen tener un peso entre 200 gramos y 350 gramos, tiene un grado de acidez entre un 0.14-0.26, y los grados brix (o fructosa) entre 13.90 \u2013 15.50, el contenido en fibra es de 8-16 gramos por pieza, con un \u00edndice de grasas naturales de 5,9 \u2013 7,2.<br \/>\n<strong>Fruta granada variedad Pignonenca<\/strong><br \/>\nEsta variedad de granada fruta es muy poco cultivada en Espa\u00f1a, por tanto es poco lo que se conoce de su cultivo y recolecci\u00f3n, la fruta granada de esta variedad es un fruto bastante grande, de semillas muy duras y\u00a0 de aspecto coloreado.<\/p>\n<h2>Fruta granada variedad Mollar de Elche<\/h2>\n<p>Esta variedad de fruta granada es la mas cultivada en Espa\u00f1a, mas del 96 % del cultivo dedicado a esta fruta es de esta variedad, como su propio nombre indica esta variedad de fruta granada es aut\u00f3ctona de Elche y su campo, aunque a partir de esta variedad se han creado otras variedades como la mollar de Valencia o mollar de J\u00e1tiva, los frutos de la variedad mollar de Elche, suelen ser desde el color rosado hasta el rojo mas intenso, la cosecha de esta variedad de fruta granada suele darse entre finales del mes de Septiembre y mediados del mes de Noviembre, el contenido que presenta en fibra la fruta granada variedad mollar es de un 7,54 %, el grado de acidez que presenta es de 0,24-0,35 y\u00a0 unos grados brix de 13,44- 17,68, el peso del fruto de la variedad granada fruta es muy grande entre 320 gramos y 737 gramos, el mayor problema que presenta es el albardado de la fruta granada debido al sol y el rayado pendicular a causa de la sequedad de la tierra.<br \/>\nSin dudarlo es la variedad de fruta granada mas sabrosa y buscada en todo el mundo, por su gran sabor y calidad.<br \/>\n<strong>Fruta granada variedad Tendral<\/strong><br \/>\nEs una de las variedades de fruta granada menos cultivada el \u00e1rbol es de poco vigor y poco productivo, los frutos son de medio calibre \u2013 peque\u00f1o y presenta un color rojo sobre amarillo en el exterior, es un fruto de granos peque\u00f1os y con pi\u00f1\u00f3n delgado y tierno, poseen un alto contenido en az\u00facar, su contenido en fibra alimentaria es superior al la variedad mollar, es de 8,37 % y su piel es fina y delgada, lo cual hace que esta variedad no sea muy viable para grandes distancias, lo cual hace que su vida despu\u00e9s de la cosecha sea muy\u00a0 corta.<br \/>\nA grandes rasgos podr\u00edamos decir que estas variedades de granadas son las que mas se cultivan en Espa\u00f1a, est\u00e1n apareciendo nuevos plantones de granados como por ejemplo el Ivia-grana-111, el Ivia-grana-49, el Ivia-grana-55, estas \u00faltimas est\u00e1n todav\u00eda en desarrollo ya que son variedades obtenidas unas de la valenciana y las otras de la variedad mollar.<\/p>\n","protected":false},"excerpt":{"rendered":"<p>Si nos preguntamos \u00bfCu\u00e1l es la mejor fruta granada?, la contestaci\u00f3n es f\u00e1cil, la mejor variedad de fruta granada es la mollar de elche y esto es debido tanto a su sabor como a la textura de sus granos, vamos a conocer cuantas variedades existen de granada fruta y sus caracter\u00edsticas. Variedades cultivadas en Espa\u00f1a &#8230; <a title=\"\u00bfCu\u00e1l es la mejor fruta granada?\" class=\"read-more\" href=\"https:\/\/www.granavida.com\/blog\/cual-es-la-mejor-fruta-granada\/\" aria-label=\"Leer m\u00e1s sobre \u00bfCu\u00e1l es la mejor fruta granada?\">Leer Mas<\/a><\/p>\n","protected":false},"author":3,"featured_media":221,"comment_status":"open","ping_status":"open","sticky":false,"template":"","format":"standard","meta":{"footnotes":""},"categories":[2],"tags":[],"class_list":["post-217","post","type-post","status-publish","format-standard","has-post-thumbnail","hentry","category-zumo-de-granada"],"acf":[],"yoast_head":"<!-- This site is optimized with the Yoast SEO Premium plugin v27.2 (Yoast SEO v27.2) - https:\/\/yoast.com\/product\/yoast-seo-premium-wordpress\/ -->\n<title>\u00bfCu\u00e1l es la mejor fruta granada? | Blog de Granavida\u00ae<\/title>\n<meta name=\"robots\" content=\"index, follow, max-snippet:-1, max-image-preview:large, max-video-preview:-1\" \/>\n<link rel=\"canonical\" href=\"https:\/\/www.granavida.com\/blog\/cual-es-la-mejor-fruta-granada\/\" \/>\n<meta property=\"og:locale\" content=\"es_ES\" \/>\n<meta property=\"og:type\" content=\"article\" \/>\n<meta property=\"og:title\" content=\"\u00bfCu\u00e1l es la mejor fruta granada?\" \/>\n<meta property=\"og:description\" content=\"Si nos preguntamos \u00bfCu\u00e1l es la mejor fruta granada?, la contestaci\u00f3n es f\u00e1cil, la mejor variedad de fruta granada es la mollar de elche y esto es debido tanto a su sabor como a la textura de sus granos, vamos a conocer cuantas variedades existen de granada fruta y sus caracter\u00edsticas. Variedades cultivadas en Espa\u00f1a ... Leer Mas\" \/>\n<meta property=\"og:url\" content=\"https:\/\/www.granavida.com\/blog\/cual-es-la-mejor-fruta-granada\/\" \/>\n<meta property=\"og:site_name\" content=\"Blog de Granavida\u00ae\" \/>\n<meta property=\"article:publisher\" content=\"https:\/\/www.facebook.com\/granavida\/\" \/>\n<meta property=\"article:published_time\" content=\"2015-06-15T17:00:36+00:00\" \/>\n<meta property=\"article:modified_time\" content=\"2018-09-13T16:51:00+00:00\" \/>\n<meta property=\"og:image\" content=\"https:\/\/www.granavida.com\/blog\/wp-content\/uploads\/2015\/06\/arbol-granado-300-x-153.jpg\" \/>\n\t<meta property=\"og:image:width\" content=\"300\" \/>\n\t<meta property=\"og:image:height\" content=\"153\" \/>\n\t<meta property=\"og:image:type\" content=\"image\/jpeg\" \/>\n<meta name=\"author\" content=\"granavida\" \/>\n<meta name=\"twitter:card\" content=\"summary_large_image\" \/>\n<meta name=\"twitter:creator\" content=\"@GRANAVIDA\" \/>\n<meta name=\"twitter:site\" content=\"@GRANAVIDA\" \/>\n<meta name=\"twitter:label1\" content=\"Escrito por\" \/>\n\t<meta name=\"twitter:data1\" content=\"granavida\" \/>\n\t<meta name=\"twitter:label2\" content=\"Tiempo de lectura\" \/>\n\t<meta name=\"twitter:data2\" content=\"3 minutos\" \/>\n<script type=\"application\/ld+json\" class=\"yoast-schema-graph\">{\"@context\":\"https:\/\/schema.org\",\"@graph\":[{\"@type\":\"Article\",\"@id\":\"https:\/\/www.granavida.com\/blog\/cual-es-la-mejor-fruta-granada\/#article\",\"isPartOf\":{\"@id\":\"https:\/\/www.granavida.com\/blog\/cual-es-la-mejor-fruta-granada\/\"},\"author\":{\"name\":\"granavida\",\"@id\":\"https:\/\/www.granavida.com\/blog\/#\/schema\/person\/ec16eaf0ec0b03c89ffe5c68edc726b6\"},\"headline\":\"\u00bfCu\u00e1l es la mejor fruta granada?\",\"datePublished\":\"2015-06-15T17:00:36+00:00\",\"dateModified\":\"2018-09-13T16:51:00+00:00\",\"mainEntityOfPage\":{\"@id\":\"https:\/\/www.granavida.com\/blog\/cual-es-la-mejor-fruta-granada\/\"},\"wordCount\":671,\"commentCount\":2,\"publisher\":{\"@id\":\"https:\/\/www.granavida.com\/blog\/#organization\"},\"image\":{\"@id\":\"https:\/\/www.granavida.com\/blog\/cual-es-la-mejor-fruta-granada\/#primaryimage\"},\"thumbnailUrl\":\"https:\/\/www.granavida.com\/blog\/wp-content\/uploads\/2015\/06\/arbol-granado-300-x-153.jpg\",\"articleSection\":[\"Zumo de granada\"],\"inLanguage\":\"es\",\"potentialAction\":[{\"@type\":\"CommentAction\",\"name\":\"Comment\",\"target\":[\"https:\/\/www.granavida.com\/blog\/cual-es-la-mejor-fruta-granada\/#respond\"]}]},{\"@type\":\"WebPage\",\"@id\":\"https:\/\/www.granavida.com\/blog\/cual-es-la-mejor-fruta-granada\/\",\"url\":\"https:\/\/www.granavida.com\/blog\/cual-es-la-mejor-fruta-granada\/\",\"name\":\"\u00bfCu\u00e1l es la mejor fruta granada? | Blog de Granavida\u00ae\",\"isPartOf\":{\"@id\":\"https:\/\/www.granavida.com\/blog\/#website\"},\"primaryImageOfPage\":{\"@id\":\"https:\/\/www.granavida.com\/blog\/cual-es-la-mejor-fruta-granada\/#primaryimage\"},\"image\":{\"@id\":\"https:\/\/www.granavida.com\/blog\/cual-es-la-mejor-fruta-granada\/#primaryimage\"},\"thumbnailUrl\":\"https:\/\/www.granavida.com\/blog\/wp-content\/uploads\/2015\/06\/arbol-granado-300-x-153.jpg\",\"datePublished\":\"2015-06-15T17:00:36+00:00\",\"dateModified\":\"2018-09-13T16:51:00+00:00\",\"breadcrumb\":{\"@id\":\"https:\/\/www.granavida.com\/blog\/cual-es-la-mejor-fruta-granada\/#breadcrumb\"},\"inLanguage\":\"es\",\"potentialAction\":[{\"@type\":\"ReadAction\",\"target\":[\"https:\/\/www.granavida.com\/blog\/cual-es-la-mejor-fruta-granada\/\"]}]},{\"@type\":\"ImageObject\",\"inLanguage\":\"es\",\"@id\":\"https:\/\/www.granavida.com\/blog\/cual-es-la-mejor-fruta-granada\/#primaryimage\",\"url\":\"https:\/\/www.granavida.com\/blog\/wp-content\/uploads\/2015\/06\/arbol-granado-300-x-153.jpg\",\"contentUrl\":\"https:\/\/www.granavida.com\/blog\/wp-content\/uploads\/2015\/06\/arbol-granado-300-x-153.jpg\",\"width\":300,\"height\":153,\"caption\":\"granado en floracion\"},{\"@type\":\"BreadcrumbList\",\"@id\":\"https:\/\/www.granavida.com\/blog\/cual-es-la-mejor-fruta-granada\/#breadcrumb\",\"itemListElement\":[{\"@type\":\"ListItem\",\"position\":1,\"name\":\"Portada\",\"item\":\"https:\/\/www.granavida.com\/blog\/\"},{\"@type\":\"ListItem\",\"position\":2,\"name\":\"\u00bfCu\u00e1l es la mejor fruta granada?\"}]},{\"@type\":\"WebSite\",\"@id\":\"https:\/\/www.granavida.com\/blog\/#website\",\"url\":\"https:\/\/www.granavida.com\/blog\/\",\"name\":\"Zumo de granada Granavida\u00ae\",\"description\":\"Productos elaborados con granadas mollar de elche\",\"publisher\":{\"@id\":\"https:\/\/www.granavida.com\/blog\/#organization\"},\"potentialAction\":[{\"@type\":\"SearchAction\",\"target\":{\"@type\":\"EntryPoint\",\"urlTemplate\":\"https:\/\/www.granavida.com\/blog\/?s={search_term_string}\"},\"query-input\":{\"@type\":\"PropertyValueSpecification\",\"valueRequired\":true,\"valueName\":\"search_term_string\"}}],\"inLanguage\":\"es\"},{\"@type\":\"Organization\",\"@id\":\"https:\/\/www.granavida.com\/blog\/#organization\",\"name\":\"Granavida\u00ae\",\"url\":\"https:\/\/www.granavida.com\/blog\/\",\"logo\":{\"@type\":\"ImageObject\",\"inLanguage\":\"es\",\"@id\":\"https:\/\/www.granavida.com\/blog\/#\/schema\/logo\/image\/\",\"url\":\"https:\/\/www.granavida.com\/blog\/wp-content\/uploads\/2019\/06\/logo-nuevo-tienda.jpg\",\"contentUrl\":\"https:\/\/www.granavida.com\/blog\/wp-content\/uploads\/2019\/06\/logo-nuevo-tienda.jpg\",\"width\":300,\"height\":100,\"caption\":\"Granavida\u00ae\"},\"image\":{\"@id\":\"https:\/\/www.granavida.com\/blog\/#\/schema\/logo\/image\/\"},\"sameAs\":[\"https:\/\/www.facebook.com\/granavida\/\",\"https:\/\/x.com\/GRANAVIDA\"]},{\"@type\":\"Person\",\"@id\":\"https:\/\/www.granavida.com\/blog\/#\/schema\/person\/ec16eaf0ec0b03c89ffe5c68edc726b6\",\"name\":\"granavida\",\"image\":{\"@type\":\"ImageObject\",\"inLanguage\":\"es\",\"@id\":\"https:\/\/secure.gravatar.com\/avatar\/bb417b95486a45322f7eec3b6278b2052dbeffcaf2b98e224ae12ac65e986fca?s=96&d=mm&r=g\",\"url\":\"https:\/\/secure.gravatar.com\/avatar\/bb417b95486a45322f7eec3b6278b2052dbeffcaf2b98e224ae12ac65e986fca?s=96&d=mm&r=g\",\"contentUrl\":\"https:\/\/secure.gravatar.com\/avatar\/bb417b95486a45322f7eec3b6278b2052dbeffcaf2b98e224ae12ac65e986fca?s=96&d=mm&r=g\",\"caption\":\"granavida\"},\"sameAs\":[\"http:\/\/www.granavida.com\"],\"url\":\"https:\/\/www.granavida.com\/blog\/author\/granavida\/\"}]}<\/script>\n<!-- \/ Yoast SEO Premium plugin. -->","yoast_head_json":{"title":"\u00bfCu\u00e1l es la mejor fruta granada? | Blog de Granavida\u00ae","robots":{"index":"index","follow":"follow","max-snippet":"max-snippet:-1","max-image-preview":"max-image-preview:large","max-video-preview":"max-video-preview:-1"},"canonical":"https:\/\/www.granavida.com\/blog\/cual-es-la-mejor-fruta-granada\/","og_locale":"es_ES","og_type":"article","og_title":"\u00bfCu\u00e1l es la mejor fruta granada?","og_description":"Si nos preguntamos \u00bfCu\u00e1l es la mejor fruta granada?, la contestaci\u00f3n es f\u00e1cil, la mejor variedad de fruta granada es la mollar de elche y esto es debido tanto a su sabor como a la textura de sus granos, vamos a conocer cuantas variedades existen de granada fruta y sus caracter\u00edsticas. Variedades cultivadas en Espa\u00f1a ... Leer Mas","og_url":"https:\/\/www.granavida.com\/blog\/cual-es-la-mejor-fruta-granada\/","og_site_name":"Blog de Granavida\u00ae","article_publisher":"https:\/\/www.facebook.com\/granavida\/","article_published_time":"2015-06-15T17:00:36+00:00","article_modified_time":"2018-09-13T16:51:00+00:00","og_image":[{"width":300,"height":153,"url":"https:\/\/www.granavida.com\/blog\/wp-content\/uploads\/2015\/06\/arbol-granado-300-x-153.jpg","type":"image\/jpeg"}],"author":"granavida","twitter_card":"summary_large_image","twitter_creator":"@GRANAVIDA","twitter_site":"@GRANAVIDA","twitter_misc":{"Escrito por":"granavida","Tiempo de lectura":"3 minutos"},"schema":{"@context":"https:\/\/schema.org","@graph":[{"@type":"Article","@id":"https:\/\/www.granavida.com\/blog\/cual-es-la-mejor-fruta-granada\/#article","isPartOf":{"@id":"https:\/\/www.granavida.com\/blog\/cual-es-la-mejor-fruta-granada\/"},"author":{"name":"granavida","@id":"https:\/\/www.granavida.com\/blog\/#\/schema\/person\/ec16eaf0ec0b03c89ffe5c68edc726b6"},"headline":"\u00bfCu\u00e1l es la mejor fruta granada?","datePublished":"2015-06-15T17:00:36+00:00","dateModified":"2018-09-13T16:51:00+00:00","mainEntityOfPage":{"@id":"https:\/\/www.granavida.com\/blog\/cual-es-la-mejor-fruta-granada\/"},"wordCount":671,"commentCount":2,"publisher":{"@id":"https:\/\/www.granavida.com\/blog\/#organization"},"image":{"@id":"https:\/\/www.granavida.com\/blog\/cual-es-la-mejor-fruta-granada\/#primaryimage"},"thumbnailUrl":"https:\/\/www.granavida.com\/blog\/wp-content\/uploads\/2015\/06\/arbol-granado-300-x-153.jpg","articleSection":["Zumo de granada"],"inLanguage":"es","potentialAction":[{"@type":"CommentAction","name":"Comment","target":["https:\/\/www.granavida.com\/blog\/cual-es-la-mejor-fruta-granada\/#respond"]}]},{"@type":"WebPage","@id":"https:\/\/www.granavida.com\/blog\/cual-es-la-mejor-fruta-granada\/","url":"https:\/\/www.granavida.com\/blog\/cual-es-la-mejor-fruta-granada\/","name":"\u00bfCu\u00e1l es la mejor fruta granada? | Blog de Granavida\u00ae","isPartOf":{"@id":"https:\/\/www.granavida.com\/blog\/#website"},"primaryImageOfPage":{"@id":"https:\/\/www.granavida.com\/blog\/cual-es-la-mejor-fruta-granada\/#primaryimage"},"image":{"@id":"https:\/\/www.granavida.com\/blog\/cual-es-la-mejor-fruta-granada\/#primaryimage"},"thumbnailUrl":"https:\/\/www.granavida.com\/blog\/wp-content\/uploads\/2015\/06\/arbol-granado-300-x-153.jpg","datePublished":"2015-06-15T17:00:36+00:00","dateModified":"2018-09-13T16:51:00+00:00","breadcrumb":{"@id":"https:\/\/www.granavida.com\/blog\/cual-es-la-mejor-fruta-granada\/#breadcrumb"},"inLanguage":"es","potentialAction":[{"@type":"ReadAction","target":["https:\/\/www.granavida.com\/blog\/cual-es-la-mejor-fruta-granada\/"]}]},{"@type":"ImageObject","inLanguage":"es","@id":"https:\/\/www.granavida.com\/blog\/cual-es-la-mejor-fruta-granada\/#primaryimage","url":"https:\/\/www.granavida.com\/blog\/wp-content\/uploads\/2015\/06\/arbol-granado-300-x-153.jpg","contentUrl":"https:\/\/www.granavida.com\/blog\/wp-content\/uploads\/2015\/06\/arbol-granado-300-x-153.jpg","width":300,"height":153,"caption":"granado en floracion"},{"@type":"BreadcrumbList","@id":"https:\/\/www.granavida.com\/blog\/cual-es-la-mejor-fruta-granada\/#breadcrumb","itemListElement":[{"@type":"ListItem","position":1,"name":"Portada","item":"https:\/\/www.granavida.com\/blog\/"},{"@type":"ListItem","position":2,"name":"\u00bfCu\u00e1l es la mejor fruta granada?"}]},{"@type":"WebSite","@id":"https:\/\/www.granavida.com\/blog\/#website","url":"https:\/\/www.granavida.com\/blog\/","name":"Zumo de granada Granavida\u00ae","description":"Productos elaborados con granadas mollar de elche","publisher":{"@id":"https:\/\/www.granavida.com\/blog\/#organization"},"potentialAction":[{"@type":"SearchAction","target":{"@type":"EntryPoint","urlTemplate":"https:\/\/www.granavida.com\/blog\/?s={search_term_string}"},"query-input":{"@type":"PropertyValueSpecification","valueRequired":true,"valueName":"search_term_string"}}],"inLanguage":"es"},{"@type":"Organization","@id":"https:\/\/www.granavida.com\/blog\/#organization","name":"Granavida\u00ae","url":"https:\/\/www.granavida.com\/blog\/","logo":{"@type":"ImageObject","inLanguage":"es","@id":"https:\/\/www.granavida.com\/blog\/#\/schema\/logo\/image\/","url":"https:\/\/www.granavida.com\/blog\/wp-content\/uploads\/2019\/06\/logo-nuevo-tienda.jpg","contentUrl":"https:\/\/www.granavida.com\/blog\/wp-content\/uploads\/2019\/06\/logo-nuevo-tienda.jpg","width":300,"height":100,"caption":"Granavida\u00ae"},"image":{"@id":"https:\/\/www.granavida.com\/blog\/#\/schema\/logo\/image\/"},"sameAs":["https:\/\/www.facebook.com\/granavida\/","https:\/\/x.com\/GRANAVIDA"]},{"@type":"Person","@id":"https:\/\/www.granavida.com\/blog\/#\/schema\/person\/ec16eaf0ec0b03c89ffe5c68edc726b6","name":"granavida","image":{"@type":"ImageObject","inLanguage":"es","@id":"https:\/\/secure.gravatar.com\/avatar\/bb417b95486a45322f7eec3b6278b2052dbeffcaf2b98e224ae12ac65e986fca?s=96&d=mm&r=g","url":"https:\/\/secure.gravatar.com\/avatar\/bb417b95486a45322f7eec3b6278b2052dbeffcaf2b98e224ae12ac65e986fca?s=96&d=mm&r=g","contentUrl":"https:\/\/secure.gravatar.com\/avatar\/bb417b95486a45322f7eec3b6278b2052dbeffcaf2b98e224ae12ac65e986fca?s=96&d=mm&r=g","caption":"granavida"},"sameAs":["http:\/\/www.granavida.com"],"url":"https:\/\/www.granavida.com\/blog\/author\/granavida\/"}]}},"_links":{"self":[{"href":"https:\/\/www.granavida.com\/blog\/wp-json\/wp\/v2\/posts\/217","targetHints":{"allow":["GET"]}}],"collection":[{"href":"https:\/\/www.granavida.com\/blog\/wp-json\/wp\/v2\/posts"}],"about":[{"href":"https:\/\/www.granavida.com\/blog\/wp-json\/wp\/v2\/types\/post"}],"author":[{"embeddable":true,"href":"https:\/\/www.granavida.com\/blog\/wp-json\/wp\/v2\/users\/3"}],"replies":[{"embeddable":true,"href":"https:\/\/www.granavida.com\/blog\/wp-json\/wp\/v2\/comments?post=217"}],"version-history":[{"count":0,"href":"https:\/\/www.granavida.com\/blog\/wp-json\/wp\/v2\/posts\/217\/revisions"}],"wp:featuredmedia":[{"embeddable":true,"href":"https:\/\/www.granavida.com\/blog\/wp-json\/wp\/v2\/media\/221"}],"wp:attachment":[{"href":"https:\/\/www.granavida.com\/blog\/wp-json\/wp\/v2\/media?parent=217"}],"wp:term":[{"taxonomy":"category","embeddable":true,"href":"https:\/\/www.granavida.com\/blog\/wp-json\/wp\/v2\/categories?post=217"},{"taxonomy":"post_tag","embeddable":true,"href":"https:\/\/www.granavida.com\/blog\/wp-json\/wp\/v2\/tags?post=217"}],"curies":[{"name":"wp","href":"https:\/\/api.w.org\/{rel}","templated":true}]}}