{"id":223,"date":"2015-06-16T08:55:41","date_gmt":"2015-06-16T08:55:41","guid":{"rendered":"http:\/\/www.granavida.com\/blog\/?p=223"},"modified":"2018-09-13T16:50:50","modified_gmt":"2018-09-13T16:50:50","slug":"productores-de-fruta-granada-2014","status":"publish","type":"post","link":"https:\/\/www.granavida.com\/blog\/productores-de-fruta-granada-2014\/","title":{"rendered":"Productores de fruta granada 2014"},"content":{"rendered":"<p>Los productores de <strong>fruta granada<\/strong> en la temporada 2014, fueron los pa\u00edses de Medio Oriente de donde se supone es originaria, en pa\u00edses como la India, China o Israel estos \u00a0son los mayores productores \u00a0de granada fruta de todo el mundo, el cultivo del la fruta granada se ha expandido alrededor de todo el mundo, es una fruta que pos su peque\u00f1o volumen en comparaci\u00f3n con otras frutas es considerada ex\u00f3tica, tanto a crecido el cultivo de la granada fruta, que en Europa tenemos al principal exportador de granada fruta en fresco de todo el mundo, que como podemos imaginar es Espa\u00f1a, que cultiva el 96 % de la granada fruta que se cultiva en toda Europa debido a sus suelos f\u00e9rtiles y a su clima, los principales importadores de granada fruta en fresco los podemos encontrar en Europa, destacando pa\u00edses como Francia, Holanda, Reino Unido, Suiza, Rusia, B\u00e9lgica y Espa\u00f1a, como productores de granada fruta, tambi\u00e9n cabe destacar en \u00c1frica a Egipto y en America del Sur podemos destacar como productores de granada fruta a Chile y a Per\u00fa, que han visto como sus plantaciones se duplicaban en pocos a\u00f1os, hablando de plantaciones en Espa\u00f1a las plantaciones de granados est\u00e1n teniendo un crecimiento anual superior al 6 % , ya que es la \u00fanica plantaci\u00f3n que el agricultor ve rentable, en Estados Unidos las plantaciones de granados se destina en su gran mayor\u00eda al consumo interno.<a href=\"http:\/\/www.granavida.com\/blog\/wp-content\/uploads\/2015\/06\/productores-de-granada600-x-400.jpg\"><img fetchpriority=\"high\" decoding=\"async\" class=\"aligncenter wp-image-225 size-full\" title=\"productores de granada600 x 400\" src=\"http:\/\/www.granavida.com\/blog\/wp-content\/uploads\/2015\/06\/productores-de-granada600-x-400.jpg\" alt=\"productores de granada600 x 400\" width=\"600\" height=\"400\" srcset=\"https:\/\/www.granavida.com\/blog\/wp-content\/uploads\/2015\/06\/productores-de-granada600-x-400.jpg 600w, https:\/\/www.granavida.com\/blog\/wp-content\/uploads\/2015\/06\/productores-de-granada600-x-400-300x200.jpg 300w, https:\/\/www.granavida.com\/blog\/wp-content\/uploads\/2015\/06\/productores-de-granada600-x-400-460x306.jpg 460w, https:\/\/www.granavida.com\/blog\/wp-content\/uploads\/2015\/06\/productores-de-granada600-x-400-420x280.jpg 420w\" sizes=\"(max-width: 600px) 100vw, 600px\" \/><\/a><br \/>\nLos principales pa\u00edses que importan granada fruta en fresco son los pa\u00edses de la Uni\u00f3n Europea, especialmente en los \u00faltimos a\u00f1os Rusia esta siendo uno de los pa\u00edses que mas granada fruta importa, la mayor parte de la granada que llega a Rusia su origen es Espa\u00f1a, adem\u00e1s de Rusia los principales mercados que reclaman la fruta granada son Francia y Holanda, sin embargo los mercados que mas pagan la fruta granada son los mercados de Suecia y Suiza, Espa\u00f1a como principal exportadora \u00a0de granada fruta en el mundo, esta sirviendo granada fruta a los mercados desde Agosto hasta el mes de Febrero, una vez llegado este mes es cuando las granadas frutas cultivadas en pa\u00edses del sur de America como Chile, Per\u00fa, inician su cosecha y por tanto comienzan a exportar a Europa, como podemos comprobar el consumo de granada fruta, poco a poco va adquiriendo mas adeptos esto es debido a los grandes beneficios que el consumo de la granada fruta en fresco nos aporta a nuestro cuerpo, sin duda tambi\u00e9n podemos tomar esta maravillosa fruta convertida en zumo de granada, con ello estaremos tomando todas las propiedades que por separado tiene esta maravillosa fruta, c\u00e1scara, arilos, membranas internas y semillas, estas ultimas con un gran contenido en aceite omega 5, que se ha demostrado en diferentes estudios es un aceite de los llamados esenciales.<br \/>\nLas plantaciones de granados en Espa\u00f1a hace tan solo 5 a\u00f1os era de 267 hect\u00e1reas, a d\u00eda de hoy y 5 a\u00f1os despu\u00e9s esta producci\u00f3n ha pasado a mas de 3280 hect\u00e1reas que podemos encontrar en a lo largo de toda la comunidad Valenciana.<br \/>\nComo hemos dicho anteriormente el mayor productor de <em>fruta granada<\/em> es la India que con los datos que hemos podido obtener y que corresponden a la cosecha del 2004<\/p>\n<ul>\n<li>India \u00a0\u00a0\u00a0\u00a0\u00a0\u00a0\u00a0\u00a0\u00a0\u00a0\u00a0\u00a0\u00a0\u00a0=9531 \u00a0\u00a0<strong>miles de toneladas<\/strong><\/li>\n<li>China\u00a0\u00a0\u00a0\u00a0\u00a0\u00a0\u00a0\u00a0 \u00a0\u00a0\u00a0\u00a0\u00a0\u00a0=5687<\/li>\n<li>Indonesia \u00a0 \u00a0 \u00a0 \u00a0 =4700<\/li>\n<li>Bangla Desh\u00a0 \u00a0\u00a0 \u00a0=4241<\/li>\n<li>Egipto \u00a0\u00a0\u00a0\u00a0\u00a0\u00a0\u00a0\u00a0\u00a0\u00a0\u00a0\u00a0\u00a0=3579<\/li>\n<li>Arabia Saudita \u00a0 =1808<\/li>\n<li>Espa\u00f1a \u00a0\u00a0\u00a0\u00a0\u00a0\u00a0\u00a0\u00a0\u00a0\u00a0\u00a0\u00a0\u00a0=1562<\/li>\n<li>Estados Unidos =1246<\/li>\n<li>Israel \u00a0 \u00a0 \u00a0 \u00a0 \u00a0 \u00a0 \u00a0 \u00a0 \u00a0 =1230<\/li>\n<li>Chile \u00a0\u00a0\u00a0\u00a0\u00a0\u00a0\u00a0\u00a0\u00a0\u00a0\u00a0\u00a0\u00a0\u00a0=1208<\/li>\n<li>Per\u00fa\u00a0\u00a0\u00a0\u00a0\u00a0\u00a0\u00a0\u00a0\u00a0\u00a0\u00a0\u00a0\u00a0\u00a0\u00a0\u00a0=1047<\/li>\n<li>Kazajst\u00e1n \u00a0\u00a0\u00a0\u00a0\u00a0\u00a0\u00a0\u00a0\u00a0\u00a0=1023<\/li>\n<li>Jordania \u00a0\u00a0\u00a0\u00a0\u00a0\u00a0\u00a0\u00a0\u00a0\u00a0\u00a0= 968<\/li>\n<\/ul>\n<p>Los pa\u00edses que mas incremento en las exportaciones est\u00e1n teniendo a nivel mundial son Arzebayan, Egipto y Per\u00fa, estos pa\u00edses anteriormente citados est\u00e1n creciendo tanto a nivel de cantidad como de variedad.<\/p>\n<p>Los principales mercados que est\u00e1n en crecimiento son los mercados de Rusia, Francia y Holanda, con todo ello Espa\u00f1a y sobre todo el mercado de la fruta granada en el camp d\u00b4Elx se ve beneficiado de que la granada mollar de Elche este siendo cada vez mas valorada, aunque siempre hay un pero, la fruta granada es mas valorada en Europa que en los mercados de Espa\u00f1a, poco a poco vamos conociendo mas la cultura de la granada.<\/p>\n","protected":false},"excerpt":{"rendered":"<p>Los productores de fruta granada en la temporada 2014, fueron los pa\u00edses de Medio Oriente de donde se supone es originaria, en pa\u00edses como la India, China o Israel estos \u00a0son los mayores productores \u00a0de granada fruta de todo el mundo, el cultivo del la fruta granada se ha expandido alrededor de todo el mundo, &#8230; <a title=\"Productores de fruta granada 2014\" class=\"read-more\" href=\"https:\/\/www.granavida.com\/blog\/productores-de-fruta-granada-2014\/\" aria-label=\"Leer m\u00e1s sobre Productores de fruta granada 2014\">Leer Mas<\/a><\/p>\n","protected":false},"author":3,"featured_media":226,"comment_status":"open","ping_status":"open","sticky":false,"template":"","format":"standard","meta":{"footnotes":""},"categories":[2],"tags":[],"class_list":["post-223","post","type-post","status-publish","format-standard","has-post-thumbnail","hentry","category-zumo-de-granada"],"acf":[],"yoast_head":"<!-- This site is optimized with the Yoast SEO Premium plugin v27.2 (Yoast SEO v27.2) - https:\/\/yoast.com\/product\/yoast-seo-premium-wordpress\/ -->\n<title>Productores de fruta granada 2014 | Blog de Granavida\u00ae<\/title>\n<meta name=\"robots\" content=\"index, follow, max-snippet:-1, max-image-preview:large, max-video-preview:-1\" \/>\n<link rel=\"canonical\" href=\"https:\/\/www.granavida.com\/blog\/productores-de-fruta-granada-2014\/\" \/>\n<meta property=\"og:locale\" content=\"es_ES\" \/>\n<meta property=\"og:type\" content=\"article\" \/>\n<meta property=\"og:title\" content=\"Productores de fruta granada 2014\" \/>\n<meta property=\"og:description\" content=\"Los productores de fruta granada en la temporada 2014, fueron los pa\u00edses de Medio Oriente de donde se supone es originaria, en pa\u00edses como la India, China o Israel estos \u00a0son los mayores productores \u00a0de granada fruta de todo el mundo, el cultivo del la fruta granada se ha expandido alrededor de todo el mundo, ... Leer Mas\" \/>\n<meta property=\"og:url\" content=\"https:\/\/www.granavida.com\/blog\/productores-de-fruta-granada-2014\/\" \/>\n<meta property=\"og:site_name\" content=\"Blog de Granavida\u00ae\" \/>\n<meta property=\"article:publisher\" content=\"https:\/\/www.facebook.com\/granavida\/\" \/>\n<meta property=\"article:published_time\" content=\"2015-06-16T08:55:41+00:00\" \/>\n<meta property=\"article:modified_time\" content=\"2018-09-13T16:50:50+00:00\" \/>\n<meta property=\"og:image\" content=\"https:\/\/www.granavida.com\/blog\/wp-content\/uploads\/2015\/06\/productores-de-granada-300-x-153.jpg\" \/>\n\t<meta property=\"og:image:width\" content=\"300\" \/>\n\t<meta property=\"og:image:height\" content=\"153\" \/>\n\t<meta property=\"og:image:type\" content=\"image\/jpeg\" \/>\n<meta name=\"author\" content=\"granavida\" \/>\n<meta name=\"twitter:card\" content=\"summary_large_image\" \/>\n<meta name=\"twitter:creator\" content=\"@GRANAVIDA\" \/>\n<meta name=\"twitter:site\" content=\"@GRANAVIDA\" \/>\n<meta name=\"twitter:label1\" content=\"Escrito por\" \/>\n\t<meta name=\"twitter:data1\" content=\"granavida\" \/>\n\t<meta name=\"twitter:label2\" content=\"Tiempo de lectura\" \/>\n\t<meta name=\"twitter:data2\" content=\"3 minutos\" \/>\n<script type=\"application\/ld+json\" class=\"yoast-schema-graph\">{\"@context\":\"https:\/\/schema.org\",\"@graph\":[{\"@type\":\"Article\",\"@id\":\"https:\/\/www.granavida.com\/blog\/productores-de-fruta-granada-2014\/#article\",\"isPartOf\":{\"@id\":\"https:\/\/www.granavida.com\/blog\/productores-de-fruta-granada-2014\/\"},\"author\":{\"name\":\"granavida\",\"@id\":\"https:\/\/www.granavida.com\/blog\/#\/schema\/person\/ec16eaf0ec0b03c89ffe5c68edc726b6\"},\"headline\":\"Productores de fruta granada 2014\",\"datePublished\":\"2015-06-16T08:55:41+00:00\",\"dateModified\":\"2018-09-13T16:50:50+00:00\",\"mainEntityOfPage\":{\"@id\":\"https:\/\/www.granavida.com\/blog\/productores-de-fruta-granada-2014\/\"},\"wordCount\":703,\"commentCount\":0,\"publisher\":{\"@id\":\"https:\/\/www.granavida.com\/blog\/#organization\"},\"image\":{\"@id\":\"https:\/\/www.granavida.com\/blog\/productores-de-fruta-granada-2014\/#primaryimage\"},\"thumbnailUrl\":\"https:\/\/www.granavida.com\/blog\/wp-content\/uploads\/2015\/06\/productores-de-granada-300-x-153.jpg\",\"articleSection\":[\"Zumo de granada\"],\"inLanguage\":\"es\",\"potentialAction\":[{\"@type\":\"CommentAction\",\"name\":\"Comment\",\"target\":[\"https:\/\/www.granavida.com\/blog\/productores-de-fruta-granada-2014\/#respond\"]}]},{\"@type\":\"WebPage\",\"@id\":\"https:\/\/www.granavida.com\/blog\/productores-de-fruta-granada-2014\/\",\"url\":\"https:\/\/www.granavida.com\/blog\/productores-de-fruta-granada-2014\/\",\"name\":\"Productores de fruta granada 2014 | Blog de Granavida\u00ae\",\"isPartOf\":{\"@id\":\"https:\/\/www.granavida.com\/blog\/#website\"},\"primaryImageOfPage\":{\"@id\":\"https:\/\/www.granavida.com\/blog\/productores-de-fruta-granada-2014\/#primaryimage\"},\"image\":{\"@id\":\"https:\/\/www.granavida.com\/blog\/productores-de-fruta-granada-2014\/#primaryimage\"},\"thumbnailUrl\":\"https:\/\/www.granavida.com\/blog\/wp-content\/uploads\/2015\/06\/productores-de-granada-300-x-153.jpg\",\"datePublished\":\"2015-06-16T08:55:41+00:00\",\"dateModified\":\"2018-09-13T16:50:50+00:00\",\"breadcrumb\":{\"@id\":\"https:\/\/www.granavida.com\/blog\/productores-de-fruta-granada-2014\/#breadcrumb\"},\"inLanguage\":\"es\",\"potentialAction\":[{\"@type\":\"ReadAction\",\"target\":[\"https:\/\/www.granavida.com\/blog\/productores-de-fruta-granada-2014\/\"]}]},{\"@type\":\"ImageObject\",\"inLanguage\":\"es\",\"@id\":\"https:\/\/www.granavida.com\/blog\/productores-de-fruta-granada-2014\/#primaryimage\",\"url\":\"https:\/\/www.granavida.com\/blog\/wp-content\/uploads\/2015\/06\/productores-de-granada-300-x-153.jpg\",\"contentUrl\":\"https:\/\/www.granavida.com\/blog\/wp-content\/uploads\/2015\/06\/productores-de-granada-300-x-153.jpg\",\"width\":300,\"height\":153,\"caption\":\"productores de granadas\"},{\"@type\":\"BreadcrumbList\",\"@id\":\"https:\/\/www.granavida.com\/blog\/productores-de-fruta-granada-2014\/#breadcrumb\",\"itemListElement\":[{\"@type\":\"ListItem\",\"position\":1,\"name\":\"Portada\",\"item\":\"https:\/\/www.granavida.com\/blog\/\"},{\"@type\":\"ListItem\",\"position\":2,\"name\":\"Productores de fruta granada 2014\"}]},{\"@type\":\"WebSite\",\"@id\":\"https:\/\/www.granavida.com\/blog\/#website\",\"url\":\"https:\/\/www.granavida.com\/blog\/\",\"name\":\"Zumo de granada Granavida\u00ae\",\"description\":\"Productos elaborados con granadas mollar de elche\",\"publisher\":{\"@id\":\"https:\/\/www.granavida.com\/blog\/#organization\"},\"potentialAction\":[{\"@type\":\"SearchAction\",\"target\":{\"@type\":\"EntryPoint\",\"urlTemplate\":\"https:\/\/www.granavida.com\/blog\/?s={search_term_string}\"},\"query-input\":{\"@type\":\"PropertyValueSpecification\",\"valueRequired\":true,\"valueName\":\"search_term_string\"}}],\"inLanguage\":\"es\"},{\"@type\":\"Organization\",\"@id\":\"https:\/\/www.granavida.com\/blog\/#organization\",\"name\":\"Granavida\u00ae\",\"url\":\"https:\/\/www.granavida.com\/blog\/\",\"logo\":{\"@type\":\"ImageObject\",\"inLanguage\":\"es\",\"@id\":\"https:\/\/www.granavida.com\/blog\/#\/schema\/logo\/image\/\",\"url\":\"https:\/\/www.granavida.com\/blog\/wp-content\/uploads\/2019\/06\/logo-nuevo-tienda.jpg\",\"contentUrl\":\"https:\/\/www.granavida.com\/blog\/wp-content\/uploads\/2019\/06\/logo-nuevo-tienda.jpg\",\"width\":300,\"height\":100,\"caption\":\"Granavida\u00ae\"},\"image\":{\"@id\":\"https:\/\/www.granavida.com\/blog\/#\/schema\/logo\/image\/\"},\"sameAs\":[\"https:\/\/www.facebook.com\/granavida\/\",\"https:\/\/x.com\/GRANAVIDA\"]},{\"@type\":\"Person\",\"@id\":\"https:\/\/www.granavida.com\/blog\/#\/schema\/person\/ec16eaf0ec0b03c89ffe5c68edc726b6\",\"name\":\"granavida\",\"image\":{\"@type\":\"ImageObject\",\"inLanguage\":\"es\",\"@id\":\"https:\/\/secure.gravatar.com\/avatar\/bb417b95486a45322f7eec3b6278b2052dbeffcaf2b98e224ae12ac65e986fca?s=96&d=mm&r=g\",\"url\":\"https:\/\/secure.gravatar.com\/avatar\/bb417b95486a45322f7eec3b6278b2052dbeffcaf2b98e224ae12ac65e986fca?s=96&d=mm&r=g\",\"contentUrl\":\"https:\/\/secure.gravatar.com\/avatar\/bb417b95486a45322f7eec3b6278b2052dbeffcaf2b98e224ae12ac65e986fca?s=96&d=mm&r=g\",\"caption\":\"granavida\"},\"sameAs\":[\"http:\/\/www.granavida.com\"],\"url\":\"https:\/\/www.granavida.com\/blog\/author\/granavida\/\"}]}<\/script>\n<!-- \/ Yoast SEO Premium plugin. -->","yoast_head_json":{"title":"Productores de fruta granada 2014 | Blog de Granavida\u00ae","robots":{"index":"index","follow":"follow","max-snippet":"max-snippet:-1","max-image-preview":"max-image-preview:large","max-video-preview":"max-video-preview:-1"},"canonical":"https:\/\/www.granavida.com\/blog\/productores-de-fruta-granada-2014\/","og_locale":"es_ES","og_type":"article","og_title":"Productores de fruta granada 2014","og_description":"Los productores de fruta granada en la temporada 2014, fueron los pa\u00edses de Medio Oriente de donde se supone es originaria, en pa\u00edses como la India, China o Israel estos \u00a0son los mayores productores \u00a0de granada fruta de todo el mundo, el cultivo del la fruta granada se ha expandido alrededor de todo el mundo, ... Leer Mas","og_url":"https:\/\/www.granavida.com\/blog\/productores-de-fruta-granada-2014\/","og_site_name":"Blog de Granavida\u00ae","article_publisher":"https:\/\/www.facebook.com\/granavida\/","article_published_time":"2015-06-16T08:55:41+00:00","article_modified_time":"2018-09-13T16:50:50+00:00","og_image":[{"width":300,"height":153,"url":"https:\/\/www.granavida.com\/blog\/wp-content\/uploads\/2015\/06\/productores-de-granada-300-x-153.jpg","type":"image\/jpeg"}],"author":"granavida","twitter_card":"summary_large_image","twitter_creator":"@GRANAVIDA","twitter_site":"@GRANAVIDA","twitter_misc":{"Escrito por":"granavida","Tiempo de lectura":"3 minutos"},"schema":{"@context":"https:\/\/schema.org","@graph":[{"@type":"Article","@id":"https:\/\/www.granavida.com\/blog\/productores-de-fruta-granada-2014\/#article","isPartOf":{"@id":"https:\/\/www.granavida.com\/blog\/productores-de-fruta-granada-2014\/"},"author":{"name":"granavida","@id":"https:\/\/www.granavida.com\/blog\/#\/schema\/person\/ec16eaf0ec0b03c89ffe5c68edc726b6"},"headline":"Productores de fruta granada 2014","datePublished":"2015-06-16T08:55:41+00:00","dateModified":"2018-09-13T16:50:50+00:00","mainEntityOfPage":{"@id":"https:\/\/www.granavida.com\/blog\/productores-de-fruta-granada-2014\/"},"wordCount":703,"commentCount":0,"publisher":{"@id":"https:\/\/www.granavida.com\/blog\/#organization"},"image":{"@id":"https:\/\/www.granavida.com\/blog\/productores-de-fruta-granada-2014\/#primaryimage"},"thumbnailUrl":"https:\/\/www.granavida.com\/blog\/wp-content\/uploads\/2015\/06\/productores-de-granada-300-x-153.jpg","articleSection":["Zumo de granada"],"inLanguage":"es","potentialAction":[{"@type":"CommentAction","name":"Comment","target":["https:\/\/www.granavida.com\/blog\/productores-de-fruta-granada-2014\/#respond"]}]},{"@type":"WebPage","@id":"https:\/\/www.granavida.com\/blog\/productores-de-fruta-granada-2014\/","url":"https:\/\/www.granavida.com\/blog\/productores-de-fruta-granada-2014\/","name":"Productores de fruta granada 2014 | Blog de Granavida\u00ae","isPartOf":{"@id":"https:\/\/www.granavida.com\/blog\/#website"},"primaryImageOfPage":{"@id":"https:\/\/www.granavida.com\/blog\/productores-de-fruta-granada-2014\/#primaryimage"},"image":{"@id":"https:\/\/www.granavida.com\/blog\/productores-de-fruta-granada-2014\/#primaryimage"},"thumbnailUrl":"https:\/\/www.granavida.com\/blog\/wp-content\/uploads\/2015\/06\/productores-de-granada-300-x-153.jpg","datePublished":"2015-06-16T08:55:41+00:00","dateModified":"2018-09-13T16:50:50+00:00","breadcrumb":{"@id":"https:\/\/www.granavida.com\/blog\/productores-de-fruta-granada-2014\/#breadcrumb"},"inLanguage":"es","potentialAction":[{"@type":"ReadAction","target":["https:\/\/www.granavida.com\/blog\/productores-de-fruta-granada-2014\/"]}]},{"@type":"ImageObject","inLanguage":"es","@id":"https:\/\/www.granavida.com\/blog\/productores-de-fruta-granada-2014\/#primaryimage","url":"https:\/\/www.granavida.com\/blog\/wp-content\/uploads\/2015\/06\/productores-de-granada-300-x-153.jpg","contentUrl":"https:\/\/www.granavida.com\/blog\/wp-content\/uploads\/2015\/06\/productores-de-granada-300-x-153.jpg","width":300,"height":153,"caption":"productores de granadas"},{"@type":"BreadcrumbList","@id":"https:\/\/www.granavida.com\/blog\/productores-de-fruta-granada-2014\/#breadcrumb","itemListElement":[{"@type":"ListItem","position":1,"name":"Portada","item":"https:\/\/www.granavida.com\/blog\/"},{"@type":"ListItem","position":2,"name":"Productores de fruta granada 2014"}]},{"@type":"WebSite","@id":"https:\/\/www.granavida.com\/blog\/#website","url":"https:\/\/www.granavida.com\/blog\/","name":"Zumo de granada Granavida\u00ae","description":"Productos elaborados con granadas mollar de elche","publisher":{"@id":"https:\/\/www.granavida.com\/blog\/#organization"},"potentialAction":[{"@type":"SearchAction","target":{"@type":"EntryPoint","urlTemplate":"https:\/\/www.granavida.com\/blog\/?s={search_term_string}"},"query-input":{"@type":"PropertyValueSpecification","valueRequired":true,"valueName":"search_term_string"}}],"inLanguage":"es"},{"@type":"Organization","@id":"https:\/\/www.granavida.com\/blog\/#organization","name":"Granavida\u00ae","url":"https:\/\/www.granavida.com\/blog\/","logo":{"@type":"ImageObject","inLanguage":"es","@id":"https:\/\/www.granavida.com\/blog\/#\/schema\/logo\/image\/","url":"https:\/\/www.granavida.com\/blog\/wp-content\/uploads\/2019\/06\/logo-nuevo-tienda.jpg","contentUrl":"https:\/\/www.granavida.com\/blog\/wp-content\/uploads\/2019\/06\/logo-nuevo-tienda.jpg","width":300,"height":100,"caption":"Granavida\u00ae"},"image":{"@id":"https:\/\/www.granavida.com\/blog\/#\/schema\/logo\/image\/"},"sameAs":["https:\/\/www.facebook.com\/granavida\/","https:\/\/x.com\/GRANAVIDA"]},{"@type":"Person","@id":"https:\/\/www.granavida.com\/blog\/#\/schema\/person\/ec16eaf0ec0b03c89ffe5c68edc726b6","name":"granavida","image":{"@type":"ImageObject","inLanguage":"es","@id":"https:\/\/secure.gravatar.com\/avatar\/bb417b95486a45322f7eec3b6278b2052dbeffcaf2b98e224ae12ac65e986fca?s=96&d=mm&r=g","url":"https:\/\/secure.gravatar.com\/avatar\/bb417b95486a45322f7eec3b6278b2052dbeffcaf2b98e224ae12ac65e986fca?s=96&d=mm&r=g","contentUrl":"https:\/\/secure.gravatar.com\/avatar\/bb417b95486a45322f7eec3b6278b2052dbeffcaf2b98e224ae12ac65e986fca?s=96&d=mm&r=g","caption":"granavida"},"sameAs":["http:\/\/www.granavida.com"],"url":"https:\/\/www.granavida.com\/blog\/author\/granavida\/"}]}},"_links":{"self":[{"href":"https:\/\/www.granavida.com\/blog\/wp-json\/wp\/v2\/posts\/223","targetHints":{"allow":["GET"]}}],"collection":[{"href":"https:\/\/www.granavida.com\/blog\/wp-json\/wp\/v2\/posts"}],"about":[{"href":"https:\/\/www.granavida.com\/blog\/wp-json\/wp\/v2\/types\/post"}],"author":[{"embeddable":true,"href":"https:\/\/www.granavida.com\/blog\/wp-json\/wp\/v2\/users\/3"}],"replies":[{"embeddable":true,"href":"https:\/\/www.granavida.com\/blog\/wp-json\/wp\/v2\/comments?post=223"}],"version-history":[{"count":0,"href":"https:\/\/www.granavida.com\/blog\/wp-json\/wp\/v2\/posts\/223\/revisions"}],"wp:featuredmedia":[{"embeddable":true,"href":"https:\/\/www.granavida.com\/blog\/wp-json\/wp\/v2\/media\/226"}],"wp:attachment":[{"href":"https:\/\/www.granavida.com\/blog\/wp-json\/wp\/v2\/media?parent=223"}],"wp:term":[{"taxonomy":"category","embeddable":true,"href":"https:\/\/www.granavida.com\/blog\/wp-json\/wp\/v2\/categories?post=223"},{"taxonomy":"post_tag","embeddable":true,"href":"https:\/\/www.granavida.com\/blog\/wp-json\/wp\/v2\/tags?post=223"}],"curies":[{"name":"wp","href":"https:\/\/api.w.org\/{rel}","templated":true}]}}