{"id":44,"date":"2015-05-19T09:13:52","date_gmt":"2015-05-19T09:13:52","guid":{"rendered":"http:\/\/granavida.com\/blog\/?p=44"},"modified":"2018-09-13T16:54:37","modified_gmt":"2018-09-13T16:54:37","slug":"frutas-ecologicas-para-el-jardin-de-tu-casa","status":"publish","type":"post","link":"https:\/\/www.granavida.com\/blog\/frutas-ecologicas-para-el-jardin-de-tu-casa\/","title":{"rendered":"Frutas ecol\u00f3gicas para el jard\u00edn de tu casa"},"content":{"rendered":"<p><a href=\"http:\/\/granavida.com\/blog\/wp-content\/uploads\/2015\/05\/huerto-ecologico-600-x-400.jpg\"><img fetchpriority=\"high\" decoding=\"async\" class=\"aligncenter wp-image-46 size-full\" title=\"huerto ecologico 600 x 400\" src=\"http:\/\/granavida.com\/blog\/wp-content\/uploads\/2015\/05\/huerto-ecologico-600-x-400.jpg\" alt=\"huerto ecologico 600 x 400\" width=\"600\" height=\"400\" srcset=\"https:\/\/www.granavida.com\/blog\/wp-content\/uploads\/2015\/05\/huerto-ecologico-600-x-400.jpg 600w, https:\/\/www.granavida.com\/blog\/wp-content\/uploads\/2015\/05\/huerto-ecologico-600-x-400-300x200.jpg 300w, https:\/\/www.granavida.com\/blog\/wp-content\/uploads\/2015\/05\/huerto-ecologico-600-x-400-460x306.jpg 460w, https:\/\/www.granavida.com\/blog\/wp-content\/uploads\/2015\/05\/huerto-ecologico-600-x-400-420x280.jpg 420w\" sizes=\"(max-width: 600px) 100vw, 600px\" \/><\/a>El cultivar frutas ecol\u00f3gicas en el jard\u00edn de casa es el tratar de retornar al cultivo y sabores tradicionales sin qu\u00edmicos de s\u00edntesis, ni transg\u00e9nicos, el cultivo de frutas, plantas arom\u00e1ticas, flores comestibles y hortalizas con marchamo ecol\u00f3gico parece que han llegado por fin para quedarse.<br \/>\nHoy podemos cultivar en casa desde hortalizas como las zanahorias, lechugas , pepinos y tomates, todas estas utilizadas normalmente para hacer esas ensaladas tan nutritivas que sobre todo en verano (que realmente es el tiempo de este tipo de hortalizas ) podemos disfrutar, pero ahora en vez de bajar al s\u00faper las cultivamos nosotros mismos de una manera ecol\u00f3gica , se dice que hasta la primera dama Norteamericana Michelle Obama esta dentro de este circulo de personas que prefieren comer aquello que han cultivado ellos mismos, pues volviendo a la primera dama resulta que ha destinado un peque\u00f1o espacio del jard\u00edn de la Casa Blanca al cultivo ecol\u00f3gico de hortalizas , con al parecer el prop\u00f3sito de tratar que las familias norteamericanas incorporen a su poco saludable dieta estos tipos de alimentos que tan bien les puede venir por tema de salud.<br \/>\nPodemos decir que hoy los cultivos de explotaci\u00f3n ecol\u00f3gica son cada vez mejor de las alternativas, para cultivar productos de primera calidad y sobre todo mirando al medio ambiente ya que aquellos que recurrimos a esta t\u00e9cnica de cultivo efectuamos la preparaci\u00f3n de las tierras as\u00ed como el control que efectuamos de las plagas que afectan a los cultivos sin hacer uso de herbicidas, fungicidas, abonos\u00a0 y insecticidas de s\u00edntesis. Tampoco utilizamos semillas o variedades de diferentes plantas que hayan sido tratados como transg\u00e9nicos, variedades estas tratadas por los ecologistas como el mayor de los riesgos para el buen equilibrio de la biodiversidad del planeta ya que seg\u00fan estas asociaciones no hay estudios que acrediten que son inocuos para nuestra salud.<br \/>\nLa demanda de semillas ecol\u00f3gicas no para de crecer gracias a la cantidad de huertos ecol\u00f3gicos que se est\u00e1n creando tanto en casas particulares como en huertos comunitarios algo que se esta haciendo muy popular \u00faltimamente.<br \/>\nLas plantas y semillas con sello ecol\u00f3gico las podemos encontrar en centros de jardiner\u00eda, debemos comprobar que est\u00e1n autorizados y certificados por organismos aut\u00f3nomos y siguiendo las estrictas\u00a0 normativas europeas. La calidad ya la llevan desde su cultivo en origen ya que en el se emplea el aceite de neem un insecticida natural que utilizamos muy a menudo para evitar las plagas as\u00ed como insectos ben\u00e9ficos que controlan ciertas placas mediante el contraataque, por ejemplo las Encarsia pergandiella una peque\u00f1a abeja, o la E Formosa que parasitan las larvas de la temida mosca blanca, que es una de las plagas mas temidas para aquellos que puedan pensar en sembrar fresas, desde luego utilizamos abonos org\u00e1nicos en concreto utilizamos los de origen vegetal, los\u00a0 purines de ortigas y humos de lombriz con esto conseguiremos dotar al suelo de mas nutrientes y al mismo tiempo les estaremos dando mas lustre a nuestras frutas y verduras.<\/p>\n<h2>Donde colocar el huerto ecol\u00f3gico en casa<\/h2>\n<p>Todos aquellos a los cuales nos gusta la horticultura podemos adaptar los m\u00e9todos ecol\u00f3gicos a nuestros peque\u00f1os huertos en la terraza de casa o en el jard\u00edn, lo primero es escoger el lugar m\u00e1s soleado y que adem\u00e1s disponga de una buena circulaci\u00f3n de aire, una \u00a0vez ubicado el lugar transplantaremos las plantas o plantones dependiendo si son verduras o frutales, de las macetas en las cuales los hemos adquirido en el centro de jardiner\u00eda a cajones o macetas mas amplios, tener siempre la precauci\u00f3n de regar nuestras plantas con agua de lluvia o en su defecto agua limpia, si combinamos en nuestras plantaciones alguna especie medicinal o arom\u00e1tica como lavanda , salvia , romero , albahaca , adem\u00e1s de tener un buen aroma obtendremos un excelente repelente de insectos natural , debemos permitir la presencia de diferentes especies como las lombrices , los ciempi\u00e9s o las mariquitas ya que son muy beneficiosas para mantener bien nuestras plantas, un truco muy sencillo para tener controladas las plagas es pulverizar agua mezclada con un poco de jab\u00f3n neutro, esto har\u00e1 que las plagas que puedan atacar a nuestras plantas no se paren en ellas.<br \/>\nYa tan solo nos queda esperar a ver que tal agricultores somos, con esto nos daremos cuenta de la cantidad de tiempo y de trabajo que conlleva el cultivo de frutas y hortalizas de forma ecol\u00f3gica, con esto sabremos valorar lo que los agricultores ecol\u00f3gicos les brindamos sin que usted haga el mas m\u00ednimo esfuerzo.<\/p>\n","protected":false},"excerpt":{"rendered":"<p>El cultivar frutas ecol\u00f3gicas en el jard\u00edn de casa es el tratar de retornar al cultivo y sabores tradicionales sin qu\u00edmicos de s\u00edntesis, ni transg\u00e9nicos, el cultivo de frutas, plantas arom\u00e1ticas, flores comestibles y hortalizas con marchamo ecol\u00f3gico parece que han llegado por fin para quedarse. Hoy podemos cultivar en casa desde hortalizas como las &#8230; <a title=\"Frutas ecol\u00f3gicas para el jard\u00edn de tu casa\" class=\"read-more\" href=\"https:\/\/www.granavida.com\/blog\/frutas-ecologicas-para-el-jardin-de-tu-casa\/\" aria-label=\"Leer m\u00e1s sobre Frutas ecol\u00f3gicas para el jard\u00edn de tu casa\">Leer Mas<\/a><\/p>\n","protected":false},"author":1,"featured_media":45,"comment_status":"open","ping_status":"open","sticky":false,"template":"","format":"standard","meta":{"footnotes":""},"categories":[3],"tags":[],"class_list":["post-44","post","type-post","status-publish","format-standard","has-post-thumbnail","hentry","category-ecologia"],"acf":[],"yoast_head":"<!-- This site is optimized with the Yoast SEO Premium plugin v27.2 (Yoast SEO v27.2) - https:\/\/yoast.com\/product\/yoast-seo-premium-wordpress\/ -->\n<title>Frutas ecol\u00f3gicas para el jard\u00edn de tu casa | Blog de Granavida\u00ae<\/title>\n<meta name=\"robots\" content=\"index, follow, max-snippet:-1, max-image-preview:large, max-video-preview:-1\" \/>\n<link rel=\"canonical\" href=\"https:\/\/www.granavida.com\/blog\/frutas-ecologicas-para-el-jardin-de-tu-casa\/\" \/>\n<meta property=\"og:locale\" content=\"es_ES\" \/>\n<meta property=\"og:type\" content=\"article\" \/>\n<meta property=\"og:title\" content=\"Frutas ecol\u00f3gicas para el jard\u00edn de tu casa\" \/>\n<meta property=\"og:description\" content=\"El cultivar frutas ecol\u00f3gicas en el jard\u00edn de casa es el tratar de retornar al cultivo y sabores tradicionales sin qu\u00edmicos de s\u00edntesis, ni transg\u00e9nicos, el cultivo de frutas, plantas arom\u00e1ticas, flores comestibles y hortalizas con marchamo ecol\u00f3gico parece que han llegado por fin para quedarse. Hoy podemos cultivar en casa desde hortalizas como las ... Leer Mas\" \/>\n<meta property=\"og:url\" content=\"https:\/\/www.granavida.com\/blog\/frutas-ecologicas-para-el-jardin-de-tu-casa\/\" \/>\n<meta property=\"og:site_name\" content=\"Blog de Granavida\u00ae\" \/>\n<meta property=\"article:publisher\" content=\"https:\/\/www.facebook.com\/granavida\/\" \/>\n<meta property=\"article:published_time\" content=\"2015-05-19T09:13:52+00:00\" \/>\n<meta property=\"article:modified_time\" content=\"2018-09-13T16:54:37+00:00\" \/>\n<meta property=\"og:image\" content=\"https:\/\/www.granavida.com\/blog\/wp-content\/uploads\/2015\/05\/huerto-ecologico-300-x-153.jpg\" \/>\n\t<meta property=\"og:image:width\" content=\"300\" \/>\n\t<meta property=\"og:image:height\" content=\"153\" \/>\n\t<meta property=\"og:image:type\" content=\"image\/jpeg\" \/>\n<meta name=\"author\" content=\"Granavida\u00ae- Blog\" \/>\n<meta name=\"twitter:card\" content=\"summary_large_image\" \/>\n<meta name=\"twitter:creator\" content=\"@GRANAVIDA\" \/>\n<meta name=\"twitter:site\" content=\"@GRANAVIDA\" \/>\n<meta name=\"twitter:label1\" content=\"Escrito por\" \/>\n\t<meta name=\"twitter:data1\" content=\"Granavida\u00ae- Blog\" \/>\n\t<meta name=\"twitter:label2\" content=\"Tiempo de lectura\" \/>\n\t<meta name=\"twitter:data2\" content=\"4 minutos\" \/>\n<script type=\"application\/ld+json\" class=\"yoast-schema-graph\">{\"@context\":\"https:\/\/schema.org\",\"@graph\":[{\"@type\":\"Article\",\"@id\":\"https:\/\/www.granavida.com\/blog\/frutas-ecologicas-para-el-jardin-de-tu-casa\/#article\",\"isPartOf\":{\"@id\":\"https:\/\/www.granavida.com\/blog\/frutas-ecologicas-para-el-jardin-de-tu-casa\/\"},\"author\":{\"name\":\"Granavida\u00ae- Blog\",\"@id\":\"https:\/\/www.granavida.com\/blog\/#\/schema\/person\/ca48c1719374d94ab83435acacd2f606\"},\"headline\":\"Frutas ecol\u00f3gicas para el jard\u00edn de tu casa\",\"datePublished\":\"2015-05-19T09:13:52+00:00\",\"dateModified\":\"2018-09-13T16:54:37+00:00\",\"mainEntityOfPage\":{\"@id\":\"https:\/\/www.granavida.com\/blog\/frutas-ecologicas-para-el-jardin-de-tu-casa\/\"},\"wordCount\":800,\"commentCount\":0,\"publisher\":{\"@id\":\"https:\/\/www.granavida.com\/blog\/#organization\"},\"image\":{\"@id\":\"https:\/\/www.granavida.com\/blog\/frutas-ecologicas-para-el-jardin-de-tu-casa\/#primaryimage\"},\"thumbnailUrl\":\"https:\/\/www.granavida.com\/blog\/wp-content\/uploads\/2015\/05\/huerto-ecologico-300-x-153.jpg\",\"articleSection\":[\"Ecolog\u00eda\"],\"inLanguage\":\"es\",\"potentialAction\":[{\"@type\":\"CommentAction\",\"name\":\"Comment\",\"target\":[\"https:\/\/www.granavida.com\/blog\/frutas-ecologicas-para-el-jardin-de-tu-casa\/#respond\"]}]},{\"@type\":\"WebPage\",\"@id\":\"https:\/\/www.granavida.com\/blog\/frutas-ecologicas-para-el-jardin-de-tu-casa\/\",\"url\":\"https:\/\/www.granavida.com\/blog\/frutas-ecologicas-para-el-jardin-de-tu-casa\/\",\"name\":\"Frutas ecol\u00f3gicas para el jard\u00edn de tu casa | Blog de Granavida\u00ae\",\"isPartOf\":{\"@id\":\"https:\/\/www.granavida.com\/blog\/#website\"},\"primaryImageOfPage\":{\"@id\":\"https:\/\/www.granavida.com\/blog\/frutas-ecologicas-para-el-jardin-de-tu-casa\/#primaryimage\"},\"image\":{\"@id\":\"https:\/\/www.granavida.com\/blog\/frutas-ecologicas-para-el-jardin-de-tu-casa\/#primaryimage\"},\"thumbnailUrl\":\"https:\/\/www.granavida.com\/blog\/wp-content\/uploads\/2015\/05\/huerto-ecologico-300-x-153.jpg\",\"datePublished\":\"2015-05-19T09:13:52+00:00\",\"dateModified\":\"2018-09-13T16:54:37+00:00\",\"breadcrumb\":{\"@id\":\"https:\/\/www.granavida.com\/blog\/frutas-ecologicas-para-el-jardin-de-tu-casa\/#breadcrumb\"},\"inLanguage\":\"es\",\"potentialAction\":[{\"@type\":\"ReadAction\",\"target\":[\"https:\/\/www.granavida.com\/blog\/frutas-ecologicas-para-el-jardin-de-tu-casa\/\"]}]},{\"@type\":\"ImageObject\",\"inLanguage\":\"es\",\"@id\":\"https:\/\/www.granavida.com\/blog\/frutas-ecologicas-para-el-jardin-de-tu-casa\/#primaryimage\",\"url\":\"https:\/\/www.granavida.com\/blog\/wp-content\/uploads\/2015\/05\/huerto-ecologico-300-x-153.jpg\",\"contentUrl\":\"https:\/\/www.granavida.com\/blog\/wp-content\/uploads\/2015\/05\/huerto-ecologico-300-x-153.jpg\",\"width\":300,\"height\":153,\"caption\":\"huerto ecol\u00f3gico t\u00edpico\"},{\"@type\":\"BreadcrumbList\",\"@id\":\"https:\/\/www.granavida.com\/blog\/frutas-ecologicas-para-el-jardin-de-tu-casa\/#breadcrumb\",\"itemListElement\":[{\"@type\":\"ListItem\",\"position\":1,\"name\":\"Portada\",\"item\":\"https:\/\/www.granavida.com\/blog\/\"},{\"@type\":\"ListItem\",\"position\":2,\"name\":\"Frutas ecol\u00f3gicas para el jard\u00edn de tu casa\"}]},{\"@type\":\"WebSite\",\"@id\":\"https:\/\/www.granavida.com\/blog\/#website\",\"url\":\"https:\/\/www.granavida.com\/blog\/\",\"name\":\"Zumo de granada Granavida\u00ae\",\"description\":\"Productos elaborados con granadas mollar de elche\",\"publisher\":{\"@id\":\"https:\/\/www.granavida.com\/blog\/#organization\"},\"potentialAction\":[{\"@type\":\"SearchAction\",\"target\":{\"@type\":\"EntryPoint\",\"urlTemplate\":\"https:\/\/www.granavida.com\/blog\/?s={search_term_string}\"},\"query-input\":{\"@type\":\"PropertyValueSpecification\",\"valueRequired\":true,\"valueName\":\"search_term_string\"}}],\"inLanguage\":\"es\"},{\"@type\":\"Organization\",\"@id\":\"https:\/\/www.granavida.com\/blog\/#organization\",\"name\":\"Granavida\u00ae\",\"url\":\"https:\/\/www.granavida.com\/blog\/\",\"logo\":{\"@type\":\"ImageObject\",\"inLanguage\":\"es\",\"@id\":\"https:\/\/www.granavida.com\/blog\/#\/schema\/logo\/image\/\",\"url\":\"https:\/\/www.granavida.com\/blog\/wp-content\/uploads\/2019\/06\/logo-nuevo-tienda.jpg\",\"contentUrl\":\"https:\/\/www.granavida.com\/blog\/wp-content\/uploads\/2019\/06\/logo-nuevo-tienda.jpg\",\"width\":300,\"height\":100,\"caption\":\"Granavida\u00ae\"},\"image\":{\"@id\":\"https:\/\/www.granavida.com\/blog\/#\/schema\/logo\/image\/\"},\"sameAs\":[\"https:\/\/www.facebook.com\/granavida\/\",\"https:\/\/x.com\/GRANAVIDA\"]},{\"@type\":\"Person\",\"@id\":\"https:\/\/www.granavida.com\/blog\/#\/schema\/person\/ca48c1719374d94ab83435acacd2f606\",\"name\":\"Granavida\u00ae- Blog\",\"image\":{\"@type\":\"ImageObject\",\"inLanguage\":\"es\",\"@id\":\"https:\/\/secure.gravatar.com\/avatar\/adee8e7e201fc78c01aed0e87d4322156abbf31424250dbb72b973b29280a57b?s=96&d=mm&r=g\",\"url\":\"https:\/\/secure.gravatar.com\/avatar\/adee8e7e201fc78c01aed0e87d4322156abbf31424250dbb72b973b29280a57b?s=96&d=mm&r=g\",\"contentUrl\":\"https:\/\/secure.gravatar.com\/avatar\/adee8e7e201fc78c01aed0e87d4322156abbf31424250dbb72b973b29280a57b?s=96&d=mm&r=g\",\"caption\":\"Granavida\u00ae- Blog\"},\"url\":\"https:\/\/www.granavida.com\/blog\/author\/admin\/\"}]}<\/script>\n<!-- \/ Yoast SEO Premium plugin. -->","yoast_head_json":{"title":"Frutas ecol\u00f3gicas para el jard\u00edn de tu casa | Blog de Granavida\u00ae","robots":{"index":"index","follow":"follow","max-snippet":"max-snippet:-1","max-image-preview":"max-image-preview:large","max-video-preview":"max-video-preview:-1"},"canonical":"https:\/\/www.granavida.com\/blog\/frutas-ecologicas-para-el-jardin-de-tu-casa\/","og_locale":"es_ES","og_type":"article","og_title":"Frutas ecol\u00f3gicas para el jard\u00edn de tu casa","og_description":"El cultivar frutas ecol\u00f3gicas en el jard\u00edn de casa es el tratar de retornar al cultivo y sabores tradicionales sin qu\u00edmicos de s\u00edntesis, ni transg\u00e9nicos, el cultivo de frutas, plantas arom\u00e1ticas, flores comestibles y hortalizas con marchamo ecol\u00f3gico parece que han llegado por fin para quedarse. Hoy podemos cultivar en casa desde hortalizas como las ... Leer Mas","og_url":"https:\/\/www.granavida.com\/blog\/frutas-ecologicas-para-el-jardin-de-tu-casa\/","og_site_name":"Blog de Granavida\u00ae","article_publisher":"https:\/\/www.facebook.com\/granavida\/","article_published_time":"2015-05-19T09:13:52+00:00","article_modified_time":"2018-09-13T16:54:37+00:00","og_image":[{"width":300,"height":153,"url":"https:\/\/www.granavida.com\/blog\/wp-content\/uploads\/2015\/05\/huerto-ecologico-300-x-153.jpg","type":"image\/jpeg"}],"author":"Granavida\u00ae- Blog","twitter_card":"summary_large_image","twitter_creator":"@GRANAVIDA","twitter_site":"@GRANAVIDA","twitter_misc":{"Escrito por":"Granavida\u00ae- Blog","Tiempo de lectura":"4 minutos"},"schema":{"@context":"https:\/\/schema.org","@graph":[{"@type":"Article","@id":"https:\/\/www.granavida.com\/blog\/frutas-ecologicas-para-el-jardin-de-tu-casa\/#article","isPartOf":{"@id":"https:\/\/www.granavida.com\/blog\/frutas-ecologicas-para-el-jardin-de-tu-casa\/"},"author":{"name":"Granavida\u00ae- Blog","@id":"https:\/\/www.granavida.com\/blog\/#\/schema\/person\/ca48c1719374d94ab83435acacd2f606"},"headline":"Frutas ecol\u00f3gicas para el jard\u00edn de tu casa","datePublished":"2015-05-19T09:13:52+00:00","dateModified":"2018-09-13T16:54:37+00:00","mainEntityOfPage":{"@id":"https:\/\/www.granavida.com\/blog\/frutas-ecologicas-para-el-jardin-de-tu-casa\/"},"wordCount":800,"commentCount":0,"publisher":{"@id":"https:\/\/www.granavida.com\/blog\/#organization"},"image":{"@id":"https:\/\/www.granavida.com\/blog\/frutas-ecologicas-para-el-jardin-de-tu-casa\/#primaryimage"},"thumbnailUrl":"https:\/\/www.granavida.com\/blog\/wp-content\/uploads\/2015\/05\/huerto-ecologico-300-x-153.jpg","articleSection":["Ecolog\u00eda"],"inLanguage":"es","potentialAction":[{"@type":"CommentAction","name":"Comment","target":["https:\/\/www.granavida.com\/blog\/frutas-ecologicas-para-el-jardin-de-tu-casa\/#respond"]}]},{"@type":"WebPage","@id":"https:\/\/www.granavida.com\/blog\/frutas-ecologicas-para-el-jardin-de-tu-casa\/","url":"https:\/\/www.granavida.com\/blog\/frutas-ecologicas-para-el-jardin-de-tu-casa\/","name":"Frutas ecol\u00f3gicas para el jard\u00edn de tu casa | Blog de Granavida\u00ae","isPartOf":{"@id":"https:\/\/www.granavida.com\/blog\/#website"},"primaryImageOfPage":{"@id":"https:\/\/www.granavida.com\/blog\/frutas-ecologicas-para-el-jardin-de-tu-casa\/#primaryimage"},"image":{"@id":"https:\/\/www.granavida.com\/blog\/frutas-ecologicas-para-el-jardin-de-tu-casa\/#primaryimage"},"thumbnailUrl":"https:\/\/www.granavida.com\/blog\/wp-content\/uploads\/2015\/05\/huerto-ecologico-300-x-153.jpg","datePublished":"2015-05-19T09:13:52+00:00","dateModified":"2018-09-13T16:54:37+00:00","breadcrumb":{"@id":"https:\/\/www.granavida.com\/blog\/frutas-ecologicas-para-el-jardin-de-tu-casa\/#breadcrumb"},"inLanguage":"es","potentialAction":[{"@type":"ReadAction","target":["https:\/\/www.granavida.com\/blog\/frutas-ecologicas-para-el-jardin-de-tu-casa\/"]}]},{"@type":"ImageObject","inLanguage":"es","@id":"https:\/\/www.granavida.com\/blog\/frutas-ecologicas-para-el-jardin-de-tu-casa\/#primaryimage","url":"https:\/\/www.granavida.com\/blog\/wp-content\/uploads\/2015\/05\/huerto-ecologico-300-x-153.jpg","contentUrl":"https:\/\/www.granavida.com\/blog\/wp-content\/uploads\/2015\/05\/huerto-ecologico-300-x-153.jpg","width":300,"height":153,"caption":"huerto ecol\u00f3gico t\u00edpico"},{"@type":"BreadcrumbList","@id":"https:\/\/www.granavida.com\/blog\/frutas-ecologicas-para-el-jardin-de-tu-casa\/#breadcrumb","itemListElement":[{"@type":"ListItem","position":1,"name":"Portada","item":"https:\/\/www.granavida.com\/blog\/"},{"@type":"ListItem","position":2,"name":"Frutas ecol\u00f3gicas para el jard\u00edn de tu casa"}]},{"@type":"WebSite","@id":"https:\/\/www.granavida.com\/blog\/#website","url":"https:\/\/www.granavida.com\/blog\/","name":"Zumo de granada Granavida\u00ae","description":"Productos elaborados con granadas mollar de elche","publisher":{"@id":"https:\/\/www.granavida.com\/blog\/#organization"},"potentialAction":[{"@type":"SearchAction","target":{"@type":"EntryPoint","urlTemplate":"https:\/\/www.granavida.com\/blog\/?s={search_term_string}"},"query-input":{"@type":"PropertyValueSpecification","valueRequired":true,"valueName":"search_term_string"}}],"inLanguage":"es"},{"@type":"Organization","@id":"https:\/\/www.granavida.com\/blog\/#organization","name":"Granavida\u00ae","url":"https:\/\/www.granavida.com\/blog\/","logo":{"@type":"ImageObject","inLanguage":"es","@id":"https:\/\/www.granavida.com\/blog\/#\/schema\/logo\/image\/","url":"https:\/\/www.granavida.com\/blog\/wp-content\/uploads\/2019\/06\/logo-nuevo-tienda.jpg","contentUrl":"https:\/\/www.granavida.com\/blog\/wp-content\/uploads\/2019\/06\/logo-nuevo-tienda.jpg","width":300,"height":100,"caption":"Granavida\u00ae"},"image":{"@id":"https:\/\/www.granavida.com\/blog\/#\/schema\/logo\/image\/"},"sameAs":["https:\/\/www.facebook.com\/granavida\/","https:\/\/x.com\/GRANAVIDA"]},{"@type":"Person","@id":"https:\/\/www.granavida.com\/blog\/#\/schema\/person\/ca48c1719374d94ab83435acacd2f606","name":"Granavida\u00ae- Blog","image":{"@type":"ImageObject","inLanguage":"es","@id":"https:\/\/secure.gravatar.com\/avatar\/adee8e7e201fc78c01aed0e87d4322156abbf31424250dbb72b973b29280a57b?s=96&d=mm&r=g","url":"https:\/\/secure.gravatar.com\/avatar\/adee8e7e201fc78c01aed0e87d4322156abbf31424250dbb72b973b29280a57b?s=96&d=mm&r=g","contentUrl":"https:\/\/secure.gravatar.com\/avatar\/adee8e7e201fc78c01aed0e87d4322156abbf31424250dbb72b973b29280a57b?s=96&d=mm&r=g","caption":"Granavida\u00ae- Blog"},"url":"https:\/\/www.granavida.com\/blog\/author\/admin\/"}]}},"_links":{"self":[{"href":"https:\/\/www.granavida.com\/blog\/wp-json\/wp\/v2\/posts\/44","targetHints":{"allow":["GET"]}}],"collection":[{"href":"https:\/\/www.granavida.com\/blog\/wp-json\/wp\/v2\/posts"}],"about":[{"href":"https:\/\/www.granavida.com\/blog\/wp-json\/wp\/v2\/types\/post"}],"author":[{"embeddable":true,"href":"https:\/\/www.granavida.com\/blog\/wp-json\/wp\/v2\/users\/1"}],"replies":[{"embeddable":true,"href":"https:\/\/www.granavida.com\/blog\/wp-json\/wp\/v2\/comments?post=44"}],"version-history":[{"count":0,"href":"https:\/\/www.granavida.com\/blog\/wp-json\/wp\/v2\/posts\/44\/revisions"}],"wp:featuredmedia":[{"embeddable":true,"href":"https:\/\/www.granavida.com\/blog\/wp-json\/wp\/v2\/media\/45"}],"wp:attachment":[{"href":"https:\/\/www.granavida.com\/blog\/wp-json\/wp\/v2\/media?parent=44"}],"wp:term":[{"taxonomy":"category","embeddable":true,"href":"https:\/\/www.granavida.com\/blog\/wp-json\/wp\/v2\/categories?post=44"},{"taxonomy":"post_tag","embeddable":true,"href":"https:\/\/www.granavida.com\/blog\/wp-json\/wp\/v2\/tags?post=44"}],"curies":[{"name":"wp","href":"https:\/\/api.w.org\/{rel}","templated":true}]}}