{"id":6744,"date":"2023-08-23T18:39:12","date_gmt":"2023-08-23T18:39:12","guid":{"rendered":"https:\/\/www.granavida.com\/blog\/?p=6744"},"modified":"2023-08-16T18:59:37","modified_gmt":"2023-08-16T18:59:37","slug":"el-arbol-de-granada","status":"publish","type":"post","link":"https:\/\/www.granavida.com\/blog\/el-arbol-de-granada\/","title":{"rendered":"El \u00e1rbol de granada"},"content":{"rendered":"\t\t<div data-elementor-type=\"wp-post\" data-elementor-id=\"6744\" class=\"elementor elementor-6744\" data-elementor-post-type=\"post\">\n\t\t\t\t\t\t<section class=\"elementor-section elementor-top-section elementor-element elementor-element-ca16033 elementor-section-boxed elementor-section-height-default elementor-section-height-default\" data-id=\"ca16033\" data-element_type=\"section\" data-e-type=\"section\">\n\t\t\t\t\t\t<div class=\"elementor-container elementor-column-gap-default\">\n\t\t\t\t\t<div class=\"elementor-column elementor-col-100 elementor-top-column elementor-element elementor-element-4ece07d\" data-id=\"4ece07d\" data-element_type=\"column\" data-e-type=\"column\">\n\t\t\t<div class=\"elementor-widget-wrap elementor-element-populated\">\n\t\t\t\t\t\t<div class=\"elementor-element elementor-element-c310404 elementor-widget elementor-widget-text-editor\" data-id=\"c310404\" data-element_type=\"widget\" data-e-type=\"widget\" data-widget_type=\"text-editor.default\">\n\t\t\t\t<div class=\"elementor-widget-container\">\n\t\t\t\t\t\t\t\t\t<p><a href=\"https:\/\/www.granavida.com\/blog\/wp-content\/uploads\/2019\/11\/mini_GRANADA-3.jpg\"><img fetchpriority=\"high\" decoding=\"async\" class=\"alignleft wp-image-1503 size-medium\" title=\"\u00e1rbol de granada\" src=\"https:\/\/www.granavida.com\/blog\/wp-content\/uploads\/2019\/11\/mini_GRANADA-3-300x169.jpg\" alt=\"el \u00e1rbol de granada\" width=\"300\" height=\"169\" srcset=\"https:\/\/www.granavida.com\/blog\/wp-content\/uploads\/2019\/11\/mini_GRANADA-3-300x169.jpg 300w, https:\/\/www.granavida.com\/blog\/wp-content\/uploads\/2019\/11\/mini_GRANADA-3.jpg 533w\" sizes=\"(max-width: 300px) 100vw, 300px\" \/><\/a>El \u00e1rbol de granada, granado o (Punica granatum) es un \u00e1rbol frutal originario de la regi\u00f3n que abarca desde el sureste de Europa hasta el sur de Asia. Tiene una larga historia de cultivo que se remonta a miles de a\u00f1os atr\u00e1s y ha sido apreciada por su fruto, el granado, as\u00ed como por su belleza ornamental y sus propiedades medicinales. Aqu\u00ed te proporcionamos informaci\u00f3n sobre su historia, morfolog\u00eda y cultivo:<\/p><h3>Historia de el \u00e1rbol de granada:<\/h3><p>El granado tiene una rica historia que se remonta a la antig\u00fcedad. Fue cultivado en la regi\u00f3n de Persia (hoy Ir\u00e1n) y en las zonas circundantes hace m\u00e1s de 5.000 a\u00f1os. Desde all\u00ed, se difundi\u00f3 a trav\u00e9s de las rutas comerciales hacia el Mediterr\u00e1neo y otras partes del mundo. En muchas culturas antiguas, el granado ten\u00eda un simbolismo especial y se le atribu\u00edan propiedades m\u00edsticas y curativas. Se menciona en textos b\u00edblicos y en las mitolog\u00edas de diversas civilizaciones.<\/p><h3>Morfolog\u00eda de el \u00e1rbol de granada:<\/h3><p><a href=\"https:\/\/www.granavida.com\/blog\/granada-fruta-origen-variedades-y-beneficios-de-su-consumo\/\" target=\"_blank\" rel=\"noopener\">El granado<\/a> es un arbusto o \u00e1rbol peque\u00f1o que puede crecer hasta unos 5-8 metros de altura. Su morfolog\u00eda incluye:<\/p><ol><li><p><strong>Hojas:<\/strong> Son lanceoladas, brillantes y de color verde oscuro. Suelen ser caducas en climas con inviernos frios.<\/p><\/li><li><p><strong>Flores:<\/strong> Son llamativas y vistosas, de color rojo o naranja brillante. Tienen forma de copa y suelen aparecer en primavera.<\/p><\/li><li><p><strong>Fruto:<\/strong> El fruto del granado, conocido como granada, es una baya de forma redonda o ligeramente alargada. Su piel puede ser de varios colores, desde rojo intenso hasta amarillo p\u00e1lido. Dentro de la granada se encuentran las semillas, rodeadas por una pulpa jugosa y sabrosa. Cada granada puede contener una gran cantidad de semillas, que son comestibles.<\/p><\/li><\/ol><h3><strong>Cultivo:<\/strong><\/h3><p>El granado es una planta resistente que puede adaptarse a diversos tipos de suelos, aunque prefiere suelos bien drenados y ligeramente \u00e1cidos. Aqu\u00ed hay algunas pautas b\u00e1sicas para su cultivo:<\/p><ol><li><p><strong>Clima:<\/strong> El granado prefiere climas c\u00e1lidos y secos, aunque puede tolerar inviernos fr\u00edos. Es importante que reciba una buena cantidad de luz solar.<\/p><\/li><li><p><strong>Plantaci\u00f3n:<\/strong> Se puede plantar a partir de semillas, aunque es m\u00e1s com\u00fan propagarlo mediante esquejes o plantas j\u00f3venes. La plantaci\u00f3n se realiza mejor en primavera u oto\u00f1o.<\/p><\/li><li><p><strong>Riego:<\/strong> Es importante observar peri\u00f3dicamente el granado, especialmente durante su etapa de crecimiento y cuando est\u00e1 en floraci\u00f3n y fructificaci\u00f3n. Sin embargo, es esencial evitar el encharcamiento.<\/p><\/li><li><p><strong>Poda:<\/strong> La poda regular ayuda a mantener una forma deseada y promover la producci\u00f3n de frutos. Se deben eliminar las ramas da\u00f1adas o enfermas.<\/p><\/li><li><p><strong>Fertilizaci\u00f3n:<\/strong> Aplicar abono org\u00e1nico o fertilizante equilibrado en primavera y oto\u00f1o favoreciendo el crecimiento y la producci\u00f3n de frutos.<\/p><\/li><li><p><strong>Plagas y enfermedades:<\/strong> El granado puede ser afectado por algunas plagas y enfermedades, como los pulgones o el moho. La observaci\u00f3n regular y el control temprano son importantes para mantener la salud de la planta.<\/p><\/li><\/ol><h3><strong>Historia en Espa\u00f1a y en la comarca de Elche:<\/strong><\/h3><p>Se cree que el \u00e1rbol de granada fue introducido en la pen\u00ednsula ib\u00e9rica por los fenicios y cartagineses durante la antig\u00fcedad. A lo largo de la historia, el cultivo del granado se ha extendido por diferentes regiones de Espa\u00f1a, encontrando en algunas de ellas condiciones clim\u00e1ticas y de suelo adecuado para su desarrollo. La comarca de Elche, situada en la provincia de Alicante, es una de esas zonas donde el granado ha encontrado un h\u00e1bitat propicio.<\/p><h3><strong>Variedades cultivadas de \u00e1rbol de granada:<\/strong><\/h3><p>En Espa\u00f1a, se cultivan varias variedades de \u00e1rbol de granada, cada una con sus caracter\u00edsticas particulares en cuanto a sabor, tama\u00f1o, color y \u00e9poca de maduraci\u00f3n. Algunas de las variedades m\u00e1s comunes que se cultivan en Elche y su comarca son:<\/p><ol><li><p><strong>Mollar de Elche:<\/strong> Esta es una variedad aut\u00f3ctona que destaca por su sabor dulce y sus granos blandos y jugosos. Es una de las variedades m\u00e1s apreciadas en la zona y se utiliza tanto para consumo en fresco como para la elaboraci\u00f3n de zumos y productos derivados.<\/p><\/li><li><p><strong>Valenciana:<\/strong> Similar a la Mollar de Elche en t\u00e9rminos de sabor y caracter\u00edsticas, esta variedad tambi\u00e9n es popular en la comarca.<\/p><\/li><li><p><strong>Wonderful:<\/strong> Esta es una variedad de granado m\u00e1s reciente, originaria de Estados Unidos. Se caracteriza por sus granos rojos y firmes, as\u00ed como por su dulzura y buen tama\u00f1o. Es una variedad que se ha adaptado bien a las condiciones clim\u00e1ticas de la regi\u00f3n.<\/p><\/li><\/ol><h3><strong>Diferencias en las tierras:<\/strong><\/h3><p>Las diferencias en las caracter\u00edsticas de las tierras, as\u00ed como las condiciones clim\u00e1ticas y microclimas de la regi\u00f3n, pueden influir en las variedades de \u00e1rbol de granada que prosperan en Elche y su comarca. El clima mediterr\u00e1neo, con inviernos suaves y veranos c\u00e1lidos, proporciona un entorno propicio para el cultivo del granado.<\/p><p>Las variedades locales como la <a href=\"https:\/\/granavida.com\/granadas-variedad-mollar-de-elche\/13-12-granadas-de-zumo.html#\/12-peso-5_kg\" target=\"_blank\" rel=\"noopener\">Mollar de Elche<\/a> y la Valenciana pueden haber desarrollado caracter\u00edsticas espec\u00edficas debido a la adaptaci\u00f3n al clima y al suelo de la zona. Estas variedades pueden tener una mejor resistencia a ciertas enfermedades o una mayor capacidad para aprovechar las condiciones clim\u00e1ticas particulares de la comarca.<\/p><h3>Conclusi\u00f3n:<\/h3><p>En resumen, la historia del \u00e1rbol de\u00a0 granada en Espa\u00f1a, especialmente en Elche y su comarca, est\u00e1 marcada por la introducci\u00f3n de variedades desde la antig\u00fcedad, y la selecci\u00f3n natural y humana ha llevado al cultivo exitoso de adaptaci\u00f3n variedades a las condiciones clim\u00e1ticas y de suelo de la regi\u00f3n. Las variedades locales como la Mollar de Elche han desarrollado caracter\u00edsticas distintivas que las hacen apreciadas en la zona y m\u00e1s all\u00e1.<\/p>\t\t\t\t\t\t\t\t<\/div>\n\t\t\t\t<\/div>\n\t\t\t\t\t<\/div>\n\t\t<\/div>\n\t\t\t\t\t<\/div>\n\t\t<\/section>\n\t\t\t\t<\/div>\n\t\t","protected":false},"excerpt":{"rendered":"<p>El \u00e1rbol de granada, granado o (Punica granatum) es un \u00e1rbol frutal originario de la regi\u00f3n que abarca desde el sureste de Europa hasta el sur de Asia. Tiene una larga historia de cultivo que se remonta a miles de a\u00f1os atr\u00e1s y ha sido apreciada por su fruto, el granado, as\u00ed como por su &#8230; <a title=\"El \u00e1rbol de granada\" class=\"read-more\" href=\"https:\/\/www.granavida.com\/blog\/el-arbol-de-granada\/\" aria-label=\"Leer m\u00e1s sobre El \u00e1rbol de granada\">Leer Mas<\/a><\/p>\n","protected":false},"author":1,"featured_media":0,"comment_status":"open","ping_status":"open","sticky":false,"template":"","format":"standard","meta":{"footnotes":""},"categories":[62],"tags":[],"class_list":["post-6744","post","type-post","status-publish","format-standard","hentry","category-granada-mollar"],"acf":[],"yoast_head":"<!-- This site is optimized with the Yoast SEO Premium plugin v27.2 (Yoast SEO v27.2) - https:\/\/yoast.com\/product\/yoast-seo-premium-wordpress\/ -->\n<title>El \u00e1rbol de granada | Blog de Granavida\u00ae<\/title>\n<meta name=\"description\" content=\"El arbol de granada es muy abundante en el campo de elche, raro es el huerto que no tiene un \u00e1rbol de granada,\" \/>\n<meta name=\"robots\" content=\"index, follow, max-snippet:-1, max-image-preview:large, max-video-preview:-1\" \/>\n<link rel=\"canonical\" href=\"https:\/\/www.granavida.com\/blog\/el-arbol-de-granada\/\" \/>\n<meta property=\"og:locale\" content=\"es_ES\" \/>\n<meta property=\"og:type\" content=\"article\" \/>\n<meta property=\"og:title\" content=\"El \u00e1rbol de granada\" \/>\n<meta property=\"og:description\" content=\"El arbol de granada es muy abundante en el campo de elche, raro es el huerto que no tiene un \u00e1rbol de granada,\" \/>\n<meta property=\"og:url\" content=\"https:\/\/www.granavida.com\/blog\/el-arbol-de-granada\/\" \/>\n<meta property=\"og:site_name\" content=\"Blog de Granavida\u00ae\" \/>\n<meta property=\"article:publisher\" content=\"https:\/\/www.facebook.com\/granavida\/\" \/>\n<meta property=\"article:published_time\" content=\"2023-08-23T18:39:12+00:00\" \/>\n<meta property=\"og:image\" content=\"https:\/\/www.granavida.com\/blog\/wp-content\/uploads\/2019\/11\/mini_GRANADA-3-300x169.jpg\" \/>\n<meta name=\"author\" content=\"Granavida\u00ae- Blog\" \/>\n<meta name=\"twitter:card\" content=\"summary_large_image\" \/>\n<meta name=\"twitter:creator\" content=\"@GRANAVIDA\" \/>\n<meta name=\"twitter:site\" content=\"@GRANAVIDA\" \/>\n<meta name=\"twitter:label1\" content=\"Escrito por\" \/>\n\t<meta name=\"twitter:data1\" content=\"Granavida\u00ae- Blog\" \/>\n\t<meta name=\"twitter:label2\" content=\"Tiempo de lectura\" \/>\n\t<meta name=\"twitter:data2\" content=\"5 minutos\" \/>\n<script type=\"application\/ld+json\" class=\"yoast-schema-graph\">{\"@context\":\"https:\/\/schema.org\",\"@graph\":[{\"@type\":\"Article\",\"@id\":\"https:\/\/www.granavida.com\/blog\/el-arbol-de-granada\/#article\",\"isPartOf\":{\"@id\":\"https:\/\/www.granavida.com\/blog\/el-arbol-de-granada\/\"},\"author\":{\"name\":\"Granavida\u00ae- Blog\",\"@id\":\"https:\/\/www.granavida.com\/blog\/#\/schema\/person\/ca48c1719374d94ab83435acacd2f606\"},\"headline\":\"El \u00e1rbol de granada\",\"datePublished\":\"2023-08-23T18:39:12+00:00\",\"mainEntityOfPage\":{\"@id\":\"https:\/\/www.granavida.com\/blog\/el-arbol-de-granada\/\"},\"wordCount\":971,\"commentCount\":0,\"publisher\":{\"@id\":\"https:\/\/www.granavida.com\/blog\/#organization\"},\"image\":{\"@id\":\"https:\/\/www.granavida.com\/blog\/el-arbol-de-granada\/#primaryimage\"},\"thumbnailUrl\":\"https:\/\/www.granavida.com\/blog\/wp-content\/uploads\/2019\/11\/mini_GRANADA-3-300x169.jpg\",\"articleSection\":[\"Granada Mollar de Elche\"],\"inLanguage\":\"es\",\"potentialAction\":[{\"@type\":\"CommentAction\",\"name\":\"Comment\",\"target\":[\"https:\/\/www.granavida.com\/blog\/el-arbol-de-granada\/#respond\"]}]},{\"@type\":\"WebPage\",\"@id\":\"https:\/\/www.granavida.com\/blog\/el-arbol-de-granada\/\",\"url\":\"https:\/\/www.granavida.com\/blog\/el-arbol-de-granada\/\",\"name\":\"El \u00e1rbol de granada | Blog de Granavida\u00ae\",\"isPartOf\":{\"@id\":\"https:\/\/www.granavida.com\/blog\/#website\"},\"primaryImageOfPage\":{\"@id\":\"https:\/\/www.granavida.com\/blog\/el-arbol-de-granada\/#primaryimage\"},\"image\":{\"@id\":\"https:\/\/www.granavida.com\/blog\/el-arbol-de-granada\/#primaryimage\"},\"thumbnailUrl\":\"https:\/\/www.granavida.com\/blog\/wp-content\/uploads\/2019\/11\/mini_GRANADA-3-300x169.jpg\",\"datePublished\":\"2023-08-23T18:39:12+00:00\",\"description\":\"El arbol de granada es muy abundante en el campo de elche, raro es el huerto que no tiene un \u00e1rbol de granada,\",\"breadcrumb\":{\"@id\":\"https:\/\/www.granavida.com\/blog\/el-arbol-de-granada\/#breadcrumb\"},\"inLanguage\":\"es\",\"potentialAction\":[{\"@type\":\"ReadAction\",\"target\":[\"https:\/\/www.granavida.com\/blog\/el-arbol-de-granada\/\"]}]},{\"@type\":\"ImageObject\",\"inLanguage\":\"es\",\"@id\":\"https:\/\/www.granavida.com\/blog\/el-arbol-de-granada\/#primaryimage\",\"url\":\"https:\/\/www.granavida.com\/blog\/wp-content\/uploads\/2019\/11\/mini_GRANADA-3.jpg\",\"contentUrl\":\"https:\/\/www.granavida.com\/blog\/wp-content\/uploads\/2019\/11\/mini_GRANADA-3.jpg\",\"width\":533,\"height\":300,\"caption\":\"caja_de_granadas_mollar _de_elche_granavida\u00ae\"},{\"@type\":\"BreadcrumbList\",\"@id\":\"https:\/\/www.granavida.com\/blog\/el-arbol-de-granada\/#breadcrumb\",\"itemListElement\":[{\"@type\":\"ListItem\",\"position\":1,\"name\":\"Portada\",\"item\":\"https:\/\/www.granavida.com\/blog\/\"},{\"@type\":\"ListItem\",\"position\":2,\"name\":\"El \u00e1rbol de granada\"}]},{\"@type\":\"WebSite\",\"@id\":\"https:\/\/www.granavida.com\/blog\/#website\",\"url\":\"https:\/\/www.granavida.com\/blog\/\",\"name\":\"Zumo de granada Granavida\u00ae\",\"description\":\"Productos elaborados con granadas mollar de elche\",\"publisher\":{\"@id\":\"https:\/\/www.granavida.com\/blog\/#organization\"},\"potentialAction\":[{\"@type\":\"SearchAction\",\"target\":{\"@type\":\"EntryPoint\",\"urlTemplate\":\"https:\/\/www.granavida.com\/blog\/?s={search_term_string}\"},\"query-input\":{\"@type\":\"PropertyValueSpecification\",\"valueRequired\":true,\"valueName\":\"search_term_string\"}}],\"inLanguage\":\"es\"},{\"@type\":\"Organization\",\"@id\":\"https:\/\/www.granavida.com\/blog\/#organization\",\"name\":\"Granavida\u00ae\",\"url\":\"https:\/\/www.granavida.com\/blog\/\",\"logo\":{\"@type\":\"ImageObject\",\"inLanguage\":\"es\",\"@id\":\"https:\/\/www.granavida.com\/blog\/#\/schema\/logo\/image\/\",\"url\":\"https:\/\/www.granavida.com\/blog\/wp-content\/uploads\/2019\/06\/logo-nuevo-tienda.jpg\",\"contentUrl\":\"https:\/\/www.granavida.com\/blog\/wp-content\/uploads\/2019\/06\/logo-nuevo-tienda.jpg\",\"width\":300,\"height\":100,\"caption\":\"Granavida\u00ae\"},\"image\":{\"@id\":\"https:\/\/www.granavida.com\/blog\/#\/schema\/logo\/image\/\"},\"sameAs\":[\"https:\/\/www.facebook.com\/granavida\/\",\"https:\/\/x.com\/GRANAVIDA\"]},{\"@type\":\"Person\",\"@id\":\"https:\/\/www.granavida.com\/blog\/#\/schema\/person\/ca48c1719374d94ab83435acacd2f606\",\"name\":\"Granavida\u00ae- Blog\",\"image\":{\"@type\":\"ImageObject\",\"inLanguage\":\"es\",\"@id\":\"https:\/\/secure.gravatar.com\/avatar\/adee8e7e201fc78c01aed0e87d4322156abbf31424250dbb72b973b29280a57b?s=96&d=mm&r=g\",\"url\":\"https:\/\/secure.gravatar.com\/avatar\/adee8e7e201fc78c01aed0e87d4322156abbf31424250dbb72b973b29280a57b?s=96&d=mm&r=g\",\"contentUrl\":\"https:\/\/secure.gravatar.com\/avatar\/adee8e7e201fc78c01aed0e87d4322156abbf31424250dbb72b973b29280a57b?s=96&d=mm&r=g\",\"caption\":\"Granavida\u00ae- Blog\"},\"url\":\"https:\/\/www.granavida.com\/blog\/author\/admin\/\"}]}<\/script>\n<!-- \/ Yoast SEO Premium plugin. -->","yoast_head_json":{"title":"El \u00e1rbol de granada | Blog de Granavida\u00ae","description":"El arbol de granada es muy abundante en el campo de elche, raro es el huerto que no tiene un \u00e1rbol de granada,","robots":{"index":"index","follow":"follow","max-snippet":"max-snippet:-1","max-image-preview":"max-image-preview:large","max-video-preview":"max-video-preview:-1"},"canonical":"https:\/\/www.granavida.com\/blog\/el-arbol-de-granada\/","og_locale":"es_ES","og_type":"article","og_title":"El \u00e1rbol de granada","og_description":"El arbol de granada es muy abundante en el campo de elche, raro es el huerto que no tiene un \u00e1rbol de granada,","og_url":"https:\/\/www.granavida.com\/blog\/el-arbol-de-granada\/","og_site_name":"Blog de Granavida\u00ae","article_publisher":"https:\/\/www.facebook.com\/granavida\/","article_published_time":"2023-08-23T18:39:12+00:00","og_image":[{"url":"https:\/\/www.granavida.com\/blog\/wp-content\/uploads\/2019\/11\/mini_GRANADA-3-300x169.jpg","type":"","width":"","height":""}],"author":"Granavida\u00ae- Blog","twitter_card":"summary_large_image","twitter_creator":"@GRANAVIDA","twitter_site":"@GRANAVIDA","twitter_misc":{"Escrito por":"Granavida\u00ae- Blog","Tiempo de lectura":"5 minutos"},"schema":{"@context":"https:\/\/schema.org","@graph":[{"@type":"Article","@id":"https:\/\/www.granavida.com\/blog\/el-arbol-de-granada\/#article","isPartOf":{"@id":"https:\/\/www.granavida.com\/blog\/el-arbol-de-granada\/"},"author":{"name":"Granavida\u00ae- Blog","@id":"https:\/\/www.granavida.com\/blog\/#\/schema\/person\/ca48c1719374d94ab83435acacd2f606"},"headline":"El \u00e1rbol de granada","datePublished":"2023-08-23T18:39:12+00:00","mainEntityOfPage":{"@id":"https:\/\/www.granavida.com\/blog\/el-arbol-de-granada\/"},"wordCount":971,"commentCount":0,"publisher":{"@id":"https:\/\/www.granavida.com\/blog\/#organization"},"image":{"@id":"https:\/\/www.granavida.com\/blog\/el-arbol-de-granada\/#primaryimage"},"thumbnailUrl":"https:\/\/www.granavida.com\/blog\/wp-content\/uploads\/2019\/11\/mini_GRANADA-3-300x169.jpg","articleSection":["Granada Mollar de Elche"],"inLanguage":"es","potentialAction":[{"@type":"CommentAction","name":"Comment","target":["https:\/\/www.granavida.com\/blog\/el-arbol-de-granada\/#respond"]}]},{"@type":"WebPage","@id":"https:\/\/www.granavida.com\/blog\/el-arbol-de-granada\/","url":"https:\/\/www.granavida.com\/blog\/el-arbol-de-granada\/","name":"El \u00e1rbol de granada | Blog de Granavida\u00ae","isPartOf":{"@id":"https:\/\/www.granavida.com\/blog\/#website"},"primaryImageOfPage":{"@id":"https:\/\/www.granavida.com\/blog\/el-arbol-de-granada\/#primaryimage"},"image":{"@id":"https:\/\/www.granavida.com\/blog\/el-arbol-de-granada\/#primaryimage"},"thumbnailUrl":"https:\/\/www.granavida.com\/blog\/wp-content\/uploads\/2019\/11\/mini_GRANADA-3-300x169.jpg","datePublished":"2023-08-23T18:39:12+00:00","description":"El arbol de granada es muy abundante en el campo de elche, raro es el huerto que no tiene un \u00e1rbol de granada,","breadcrumb":{"@id":"https:\/\/www.granavida.com\/blog\/el-arbol-de-granada\/#breadcrumb"},"inLanguage":"es","potentialAction":[{"@type":"ReadAction","target":["https:\/\/www.granavida.com\/blog\/el-arbol-de-granada\/"]}]},{"@type":"ImageObject","inLanguage":"es","@id":"https:\/\/www.granavida.com\/blog\/el-arbol-de-granada\/#primaryimage","url":"https:\/\/www.granavida.com\/blog\/wp-content\/uploads\/2019\/11\/mini_GRANADA-3.jpg","contentUrl":"https:\/\/www.granavida.com\/blog\/wp-content\/uploads\/2019\/11\/mini_GRANADA-3.jpg","width":533,"height":300,"caption":"caja_de_granadas_mollar _de_elche_granavida\u00ae"},{"@type":"BreadcrumbList","@id":"https:\/\/www.granavida.com\/blog\/el-arbol-de-granada\/#breadcrumb","itemListElement":[{"@type":"ListItem","position":1,"name":"Portada","item":"https:\/\/www.granavida.com\/blog\/"},{"@type":"ListItem","position":2,"name":"El \u00e1rbol de granada"}]},{"@type":"WebSite","@id":"https:\/\/www.granavida.com\/blog\/#website","url":"https:\/\/www.granavida.com\/blog\/","name":"Zumo de granada Granavida\u00ae","description":"Productos elaborados con granadas mollar de elche","publisher":{"@id":"https:\/\/www.granavida.com\/blog\/#organization"},"potentialAction":[{"@type":"SearchAction","target":{"@type":"EntryPoint","urlTemplate":"https:\/\/www.granavida.com\/blog\/?s={search_term_string}"},"query-input":{"@type":"PropertyValueSpecification","valueRequired":true,"valueName":"search_term_string"}}],"inLanguage":"es"},{"@type":"Organization","@id":"https:\/\/www.granavida.com\/blog\/#organization","name":"Granavida\u00ae","url":"https:\/\/www.granavida.com\/blog\/","logo":{"@type":"ImageObject","inLanguage":"es","@id":"https:\/\/www.granavida.com\/blog\/#\/schema\/logo\/image\/","url":"https:\/\/www.granavida.com\/blog\/wp-content\/uploads\/2019\/06\/logo-nuevo-tienda.jpg","contentUrl":"https:\/\/www.granavida.com\/blog\/wp-content\/uploads\/2019\/06\/logo-nuevo-tienda.jpg","width":300,"height":100,"caption":"Granavida\u00ae"},"image":{"@id":"https:\/\/www.granavida.com\/blog\/#\/schema\/logo\/image\/"},"sameAs":["https:\/\/www.facebook.com\/granavida\/","https:\/\/x.com\/GRANAVIDA"]},{"@type":"Person","@id":"https:\/\/www.granavida.com\/blog\/#\/schema\/person\/ca48c1719374d94ab83435acacd2f606","name":"Granavida\u00ae- Blog","image":{"@type":"ImageObject","inLanguage":"es","@id":"https:\/\/secure.gravatar.com\/avatar\/adee8e7e201fc78c01aed0e87d4322156abbf31424250dbb72b973b29280a57b?s=96&d=mm&r=g","url":"https:\/\/secure.gravatar.com\/avatar\/adee8e7e201fc78c01aed0e87d4322156abbf31424250dbb72b973b29280a57b?s=96&d=mm&r=g","contentUrl":"https:\/\/secure.gravatar.com\/avatar\/adee8e7e201fc78c01aed0e87d4322156abbf31424250dbb72b973b29280a57b?s=96&d=mm&r=g","caption":"Granavida\u00ae- Blog"},"url":"https:\/\/www.granavida.com\/blog\/author\/admin\/"}]}},"_links":{"self":[{"href":"https:\/\/www.granavida.com\/blog\/wp-json\/wp\/v2\/posts\/6744","targetHints":{"allow":["GET"]}}],"collection":[{"href":"https:\/\/www.granavida.com\/blog\/wp-json\/wp\/v2\/posts"}],"about":[{"href":"https:\/\/www.granavida.com\/blog\/wp-json\/wp\/v2\/types\/post"}],"author":[{"embeddable":true,"href":"https:\/\/www.granavida.com\/blog\/wp-json\/wp\/v2\/users\/1"}],"replies":[{"embeddable":true,"href":"https:\/\/www.granavida.com\/blog\/wp-json\/wp\/v2\/comments?post=6744"}],"version-history":[{"count":0,"href":"https:\/\/www.granavida.com\/blog\/wp-json\/wp\/v2\/posts\/6744\/revisions"}],"wp:attachment":[{"href":"https:\/\/www.granavida.com\/blog\/wp-json\/wp\/v2\/media?parent=6744"}],"wp:term":[{"taxonomy":"category","embeddable":true,"href":"https:\/\/www.granavida.com\/blog\/wp-json\/wp\/v2\/categories?post=6744"},{"taxonomy":"post_tag","embeddable":true,"href":"https:\/\/www.granavida.com\/blog\/wp-json\/wp\/v2\/tags?post=6744"}],"curies":[{"name":"wp","href":"https:\/\/api.w.org\/{rel}","templated":true}]}}