{"id":6939,"date":"2024-10-04T12:01:00","date_gmt":"2024-10-04T12:01:00","guid":{"rendered":"https:\/\/www.granavida.com\/blog\/?p=6939"},"modified":"2024-10-03T15:29:57","modified_gmt":"2024-10-03T15:29:57","slug":"granada-mollar-de-elche-la-temporada-ha-comenzado","status":"publish","type":"post","link":"https:\/\/www.granavida.com\/blog\/granada-mollar-de-elche-la-temporada-ha-comenzado\/","title":{"rendered":"Granada Mollar de Elche: \u00a1La Temporada ha Comenzado!"},"content":{"rendered":"\t\t<div data-elementor-type=\"wp-post\" data-elementor-id=\"6939\" class=\"elementor elementor-6939\" data-elementor-post-type=\"post\">\n\t\t\t\t\t\t<section class=\"elementor-section elementor-top-section elementor-element elementor-element-1ac6fe4 elementor-section-boxed elementor-section-height-default elementor-section-height-default\" data-id=\"1ac6fe4\" data-element_type=\"section\" data-e-type=\"section\">\n\t\t\t\t\t\t<div class=\"elementor-container elementor-column-gap-default\">\n\t\t\t\t\t<div class=\"elementor-column elementor-col-100 elementor-top-column elementor-element elementor-element-b410396\" data-id=\"b410396\" data-element_type=\"column\" data-e-type=\"column\">\n\t\t\t<div class=\"elementor-widget-wrap elementor-element-populated\">\n\t\t\t\t\t\t<div class=\"elementor-element elementor-element-da54d9d elementor-widget elementor-widget-heading\" data-id=\"da54d9d\" data-element_type=\"widget\" data-e-type=\"widget\" data-widget_type=\"heading.default\">\n\t\t\t\t<div class=\"elementor-widget-container\">\n\t\t\t\t\t<h2 class=\"elementor-heading-title elementor-size-default\">Granada Mollar de Elche: \u00a1La Temporada ha Comenzado!<\/h2>\t\t\t\t<\/div>\n\t\t\t\t<\/div>\n\t\t\t\t\t<\/div>\n\t\t<\/div>\n\t\t\t\t\t<\/div>\n\t\t<\/section>\n\t\t\t\t<section class=\"elementor-section elementor-top-section elementor-element elementor-element-afb2fa5 elementor-section-boxed elementor-section-height-default elementor-section-height-default\" data-id=\"afb2fa5\" data-element_type=\"section\" data-e-type=\"section\">\n\t\t\t\t\t\t<div class=\"elementor-container elementor-column-gap-default\">\n\t\t\t\t\t<div class=\"elementor-column elementor-col-100 elementor-top-column elementor-element elementor-element-75d9ff1\" data-id=\"75d9ff1\" data-element_type=\"column\" data-e-type=\"column\">\n\t\t\t<div class=\"elementor-widget-wrap elementor-element-populated\">\n\t\t\t\t\t\t<div class=\"elementor-element elementor-element-774e1f7 elementor-widget elementor-widget-text-editor\" data-id=\"774e1f7\" data-element_type=\"widget\" data-e-type=\"widget\" data-widget_type=\"text-editor.default\">\n\t\t\t\t<div class=\"elementor-widget-container\">\n\t\t\t\t\t\t\t\t\t<p>La <strong>Granada Mollar de Elche<\/strong> es una de las frutas m\u00e1s emblem\u00e1ticas de Espa\u00f1a, reconocida por su <strong>Denominaci\u00f3n de Origen Protegida (DOP)<\/strong>, y octubre marca el inicio de su temporada. Es el momento perfecto para disfrutar de su frescura, sabor \u00fanico y todos los beneficios que ofrece para la salud. En este art\u00edculo, te contamos todo lo que necesitas saber sobre esta fruta de temporada y c\u00f3mo aprovechar al m\u00e1ximo su frescura.<\/p><p><a href=\"https:\/\/www.granavida.com\/blog\/wp-content\/uploads\/2024\/10\/granada-mollar-de-elche-abierta-sobre-cocina.png\"><img fetchpriority=\"high\" decoding=\"async\" class=\"alignleft wp-image-6917 size-full\" title=\"Producto de granada Mollar de Elche en tienda online\" src=\"https:\/\/www.granavida.com\/blog\/wp-content\/uploads\/2024\/10\/granada-mollar-de-elche-abierta-sobre-cocina.png\" alt=\"Granada Mollar de Elche en tienda online de Granavida, disponible para compra\" width=\"1200\" height=\"400\" srcset=\"https:\/\/www.granavida.com\/blog\/wp-content\/uploads\/2024\/10\/granada-mollar-de-elche-abierta-sobre-cocina.png 1200w, https:\/\/www.granavida.com\/blog\/wp-content\/uploads\/2024\/10\/granada-mollar-de-elche-abierta-sobre-cocina-300x100.png 300w, https:\/\/www.granavida.com\/blog\/wp-content\/uploads\/2024\/10\/granada-mollar-de-elche-abierta-sobre-cocina-1024x341.png 1024w, https:\/\/www.granavida.com\/blog\/wp-content\/uploads\/2024\/10\/granada-mollar-de-elche-abierta-sobre-cocina-768x256.png 768w\" sizes=\"(max-width: 1200px) 100vw, 1200px\" \/><\/a><\/p>\t\t\t\t\t\t\t\t<\/div>\n\t\t\t\t<\/div>\n\t\t\t\t\t<\/div>\n\t\t<\/div>\n\t\t\t\t\t<\/div>\n\t\t<\/section>\n\t\t\t\t<section class=\"elementor-section elementor-top-section elementor-element elementor-element-6fc7647 elementor-section-boxed elementor-section-height-default elementor-section-height-default\" data-id=\"6fc7647\" data-element_type=\"section\" data-e-type=\"section\">\n\t\t\t\t\t\t<div class=\"elementor-container elementor-column-gap-default\">\n\t\t\t\t\t<div class=\"elementor-column elementor-col-100 elementor-top-column elementor-element elementor-element-44260a9\" data-id=\"44260a9\" data-element_type=\"column\" data-e-type=\"column\">\n\t\t\t<div class=\"elementor-widget-wrap elementor-element-populated\">\n\t\t\t\t\t\t<div class=\"elementor-element elementor-element-efeeb23 elementor-widget elementor-widget-text-editor\" data-id=\"efeeb23\" data-element_type=\"widget\" data-e-type=\"widget\" data-widget_type=\"text-editor.default\">\n\t\t\t\t<div class=\"elementor-widget-container\">\n\t\t\t\t\t\t\t\t\t<h3><strong>\u00bfQu\u00e9 hace \u00fanica a la Granada Mollar de Elche?<\/strong><\/h3><p>La <strong>Granada Mollar de Elche<\/strong> no es solo una fruta deliciosa, sino que est\u00e1 protegida por una <strong>DOP<\/strong>, lo que asegura que proviene exclusivamente de la zona de Elche, bajo condiciones de cultivo y producci\u00f3n estrictamente controladas. Esto garantiza su alta calidad y autenticidad.<\/p><p>Entre las caracter\u00edsticas que la hacen destacar est\u00e1n:<\/p><ul><li><strong>Semillas suaves<\/strong> y f\u00e1ciles de masticar.<\/li><li><strong>Sabor dulce y equilibrado<\/strong>.<\/li><li>Rica en <strong>antioxidantes<\/strong>, vitaminas y minerales.<\/li><\/ul><p>El proceso de cultivo en el campo de Elche asegura que las granadas se recojan en su punto \u00f3ptimo de maduraci\u00f3n, lo que resulta en un sabor <strong>intenso y natural<\/strong> que solo se puede disfrutar durante esta temporada del a\u00f1o.<\/p>\t\t\t\t\t\t\t\t<\/div>\n\t\t\t\t<\/div>\n\t\t\t\t\t<\/div>\n\t\t<\/div>\n\t\t\t\t\t<\/div>\n\t\t<\/section>\n\t\t\t\t<section class=\"elementor-section elementor-top-section elementor-element elementor-element-e2e9712 elementor-section-boxed elementor-section-height-default elementor-section-height-default\" data-id=\"e2e9712\" data-element_type=\"section\" data-e-type=\"section\">\n\t\t\t\t\t\t<div class=\"elementor-container elementor-column-gap-default\">\n\t\t\t\t\t<div class=\"elementor-column elementor-col-100 elementor-top-column elementor-element elementor-element-82e210f\" data-id=\"82e210f\" data-element_type=\"column\" data-e-type=\"column\">\n\t\t\t<div class=\"elementor-widget-wrap elementor-element-populated\">\n\t\t\t\t\t\t<div class=\"elementor-element elementor-element-4559487 elementor-widget elementor-widget-text-editor\" data-id=\"4559487\" data-element_type=\"widget\" data-e-type=\"widget\" data-widget_type=\"text-editor.default\">\n\t\t\t\t<div class=\"elementor-widget-container\">\n\t\t\t\t\t\t\t\t\t<h3><strong>Beneficios de consumir granadas de temporada<\/strong><\/h3><p>Consumir productos de temporada, como la <strong>Granada Mollar de Elche<\/strong>, tiene muchos beneficios. No solo est\u00e1n en su mejor momento en t\u00e9rminos de sabor, sino que tambi\u00e9n ofrecen una mayor <strong>cantidad de nutrientes<\/strong> al ser cosechadas en su punto \u00f3ptimo.<\/p><ol><li><p><strong>Mejora la salud cardiovascular<\/strong>: Las granadas son ricas en antioxidantes, como la <a href=\"https:\/\/www.granavida.com\/blog\/beneficios-del-zumo-de-granada-salud-y-energia-natural\/\" target=\"_blank\" rel=\"noopener\"><strong>punicalagina<\/strong><\/a>, que contribuye a reducir los niveles de colesterol malo (LDL) y mejora la circulaci\u00f3n sangu\u00ednea.<\/p><\/li><li><p><strong>Refuerza el sistema inmunol\u00f3gico<\/strong>: La alta concentraci\u00f3n de <strong>vitamina C<\/strong> en las granadas ayuda a fortalecer las defensas naturales del cuerpo, algo clave durante los meses de oto\u00f1o.<\/p><\/li><li><p><strong>Propiedades antiinflamatorias<\/strong>: El consumo de granada puede reducir la inflamaci\u00f3n en el cuerpo, lo que la convierte en una excelente opci\u00f3n para personas que sufren de enfermedades cr\u00f3nicas como la artritis.<\/p><\/li><\/ol>\t\t\t\t\t\t\t\t<\/div>\n\t\t\t\t<\/div>\n\t\t\t\t\t<\/div>\n\t\t<\/div>\n\t\t\t\t\t<\/div>\n\t\t<\/section>\n\t\t\t\t<section class=\"elementor-section elementor-top-section elementor-element elementor-element-6bf2d38 elementor-section-boxed elementor-section-height-default elementor-section-height-default\" data-id=\"6bf2d38\" data-element_type=\"section\" data-e-type=\"section\">\n\t\t\t\t\t\t<div class=\"elementor-container elementor-column-gap-default\">\n\t\t\t\t\t<div class=\"elementor-column elementor-col-100 elementor-top-column elementor-element elementor-element-c4df755\" data-id=\"c4df755\" data-element_type=\"column\" data-e-type=\"column\">\n\t\t\t<div class=\"elementor-widget-wrap elementor-element-populated\">\n\t\t\t\t\t\t<div class=\"elementor-element elementor-element-be9e9d7 elementor-widget elementor-widget-text-editor\" data-id=\"be9e9d7\" data-element_type=\"widget\" data-e-type=\"widget\" data-widget_type=\"text-editor.default\">\n\t\t\t\t<div class=\"elementor-widget-container\">\n\t\t\t\t\t\t\t\t\t<h3><strong>Frescura y sabor directo del campo<\/strong><\/h3><p>Cuando compras una <strong>Granada Mollar de Elche<\/strong> de temporada, est\u00e1s adquiriendo una fruta que ha sido recogida en su momento justo. Esto no solo mejora el sabor, sino que tambi\u00e9n <strong>prolonga su frescura<\/strong>. Las granadas reci\u00e9n cosechadas tienen una textura m\u00e1s firme y un sabor mucho m\u00e1s vibrante que aquellas que se almacenan durante largos periodos.<\/p><h4><strong>\u00bfC\u00f3mo saber si una granada est\u00e1 fresca?<\/strong><\/h4><ul><li><strong>Color vibrante<\/strong>: Las granadas maduras suelen tener un color rojo brillante o rosa intenso.<\/li><li><strong>Peso<\/strong>: Cuanto m\u00e1s pesada sea la granada, m\u00e1s jugo contiene.<\/li><li><strong>Corteza firme<\/strong>: Debe tener una piel tersa y sin grietas.<\/li><\/ul>\t\t\t\t\t\t\t\t<\/div>\n\t\t\t\t<\/div>\n\t\t\t\t\t<\/div>\n\t\t<\/div>\n\t\t\t\t\t<\/div>\n\t\t<\/section>\n\t\t\t\t<section class=\"elementor-section elementor-top-section elementor-element elementor-element-78f6342 elementor-section-boxed elementor-section-height-default elementor-section-height-default\" data-id=\"78f6342\" data-element_type=\"section\" data-e-type=\"section\">\n\t\t\t\t\t\t<div class=\"elementor-container elementor-column-gap-default\">\n\t\t\t\t\t<div class=\"elementor-column elementor-col-100 elementor-top-column elementor-element elementor-element-4a7fa98\" data-id=\"4a7fa98\" data-element_type=\"column\" data-e-type=\"column\">\n\t\t\t<div class=\"elementor-widget-wrap elementor-element-populated\">\n\t\t\t\t\t\t<div class=\"elementor-element elementor-element-bacdefe elementor-widget elementor-widget-text-editor\" data-id=\"bacdefe\" data-element_type=\"widget\" data-e-type=\"widget\" data-widget_type=\"text-editor.default\">\n\t\t\t\t<div class=\"elementor-widget-container\">\n\t\t\t\t\t\t\t\t\t<h3><strong>\u00bfC\u00f3mo aprovechar la temporada de granadas?<\/strong><\/h3><p>El oto\u00f1o es el momento ideal para disfrutar de las <strong>granadas frescas<\/strong>, ya sea solas, en ensaladas o en recetas m\u00e1s elaboradas. Aqu\u00ed te damos algunas ideas sobre c\u00f3mo incorporar esta fruta en tu dieta diaria:<\/p><ul><li><strong>Ensaladas frescas<\/strong>: A\u00f1ade granos de granada a una ensalada de espinacas con nueces para darle un toque dulce y crujiente.<\/li><li><strong>Smoothies nutritivos<\/strong>: Mezcla granada con yogur, pl\u00e1tano y avena para un desayuno lleno de antioxidantes.<\/li><li><strong>Postres<\/strong>: Utiliza la granada como topping para postres saludables como yogur natural o pud\u00edn de ch\u00eda.<\/li><\/ul>\t\t\t\t\t\t\t\t<\/div>\n\t\t\t\t<\/div>\n\t\t\t\t\t<\/div>\n\t\t<\/div>\n\t\t\t\t\t<\/div>\n\t\t<\/section>\n\t\t\t\t<section class=\"elementor-section elementor-top-section elementor-element elementor-element-d740bb2 elementor-section-boxed elementor-section-height-default elementor-section-height-default\" data-id=\"d740bb2\" data-element_type=\"section\" data-e-type=\"section\">\n\t\t\t\t\t\t<div class=\"elementor-container elementor-column-gap-default\">\n\t\t\t\t\t<div class=\"elementor-column elementor-col-100 elementor-top-column elementor-element elementor-element-65d98d7\" data-id=\"65d98d7\" data-element_type=\"column\" data-e-type=\"column\">\n\t\t\t<div class=\"elementor-widget-wrap elementor-element-populated\">\n\t\t\t\t\t\t<div class=\"elementor-element elementor-element-0148bed elementor-widget elementor-widget-text-editor\" data-id=\"0148bed\" data-element_type=\"widget\" data-e-type=\"widget\" data-widget_type=\"text-editor.default\">\n\t\t\t\t<div class=\"elementor-widget-container\">\n\t\t\t\t\t\t\t\t\t<h3><strong>Recetas f\u00e1ciles con granada fresca<\/strong><\/h3><p>Incorporar granada en tus recetas es muy sencillo. Aqu\u00ed tienes algunas ideas r\u00e1pidas y deliciosas para aprovechar la frescura de la <strong>Granada Mollar de Elche<\/strong>:<\/p><h4><strong>Ensalada de granada y aguacate<\/strong><\/h4><p>Una receta fresca y f\u00e1cil que combina el toque dulce de la granada con la suavidad del aguacate:<\/p><ul><li><strong>Ingredientes<\/strong>:<ul><li>1 aguacate maduro<\/li><li>1\/2 granada (granos)<\/li><li>Espinacas frescas<\/li><li>Nueces picadas<\/li><li>Vinagreta de miel y lim\u00f3n<\/li><\/ul><\/li><\/ul><h4><strong>Smoothie antioxidante de granada<\/strong><\/h4><p>Este smoothie es una excelente forma de comenzar el d\u00eda:<\/p><ul><li><strong>Ingredientes<\/strong>:<ul><li>1\/2 taza de zumo de granada<\/li><li>1 pl\u00e1tano<\/li><li>1 taza de espinacas<\/li><li>1 cucharada de semillas de ch\u00eda<\/li><li>Hielo al gusto<\/li><\/ul><\/li><\/ul><p>Mezcla todos los ingredientes en una batidora y disfruta de una bebida refrescante llena de antioxidantes.<\/p>\t\t\t\t\t\t\t\t<\/div>\n\t\t\t\t<\/div>\n\t\t\t\t\t<\/div>\n\t\t<\/div>\n\t\t\t\t\t<\/div>\n\t\t<\/section>\n\t\t\t\t<section class=\"elementor-section elementor-top-section elementor-element elementor-element-d661945 elementor-section-boxed elementor-section-height-default elementor-section-height-default\" data-id=\"d661945\" data-element_type=\"section\" data-e-type=\"section\">\n\t\t\t\t\t\t<div class=\"elementor-container elementor-column-gap-default\">\n\t\t\t\t\t<div class=\"elementor-column elementor-col-100 elementor-top-column elementor-element elementor-element-fbbac00\" data-id=\"fbbac00\" data-element_type=\"column\" data-e-type=\"column\">\n\t\t\t<div class=\"elementor-widget-wrap elementor-element-populated\">\n\t\t\t\t\t\t<div class=\"elementor-element elementor-element-aa530a9 elementor-widget elementor-widget-text-editor\" data-id=\"aa530a9\" data-element_type=\"widget\" data-e-type=\"widget\" data-widget_type=\"text-editor.default\">\n\t\t\t\t<div class=\"elementor-widget-container\">\n\t\t\t\t\t\t\t\t\t<h3><strong>Conclusi\u00f3n<\/strong><\/h3><p>La <strong>Granada Mollar de Elche<\/strong> est\u00e1 en su mejor momento, y no hay mejor manera de aprovecharla que disfrutando de su <strong>sabor fresco<\/strong> y <strong>beneficios para la salud<\/strong>. Ya sea que la consumas sola, en recetas o como parte de tu dieta diaria, esta fruta es una excelente adici\u00f3n a cualquier plato.<\/p><p><strong>\u00a1No esperes m\u00e1s! Compra granadas Mollar de Elche directamente desde nuestros campos y disfruta de toda la frescura de la temporada.<\/strong><\/p>\t\t\t\t\t\t\t\t<\/div>\n\t\t\t\t<\/div>\n\t\t\t\t\t<\/div>\n\t\t<\/div>\n\t\t\t\t\t<\/div>\n\t\t<\/section>\n\t\t\t\t<section class=\"elementor-section elementor-top-section elementor-element elementor-element-e37e0fa elementor-section-boxed elementor-section-height-default elementor-section-height-default\" data-id=\"e37e0fa\" data-element_type=\"section\" data-e-type=\"section\">\n\t\t\t\t\t\t<div class=\"elementor-container elementor-column-gap-default\">\n\t\t\t\t\t<div class=\"elementor-column elementor-col-100 elementor-top-column elementor-element elementor-element-99f70df\" data-id=\"99f70df\" data-element_type=\"column\" data-e-type=\"column\">\n\t\t\t<div class=\"elementor-widget-wrap elementor-element-populated\">\n\t\t\t\t\t\t<div class=\"elementor-element elementor-element-5a062ec elementor-widget elementor-widget-text-editor\" data-id=\"5a062ec\" data-element_type=\"widget\" data-e-type=\"widget\" data-widget_type=\"text-editor.default\">\n\t\t\t\t<div class=\"elementor-widget-container\">\n\t\t\t\t\t\t\t\t\t<h3><strong>\u00a1Compra Ahora la Granada Mollar de Elche Directamente desde Nuestros Campos!<\/strong><\/h3><p>La <strong>Granada Mollar de Elche<\/strong> est\u00e1 en su mejor momento, y no hay mejor manera de disfrutar de su sabor y beneficios que compr\u00e1ndola <strong>fresca directamente desde nuestros campos<\/strong>.<\/p><ul><li><strong>Fresca y de temporada.<\/strong><\/li><li><strong>Certificada con Denominaci\u00f3n de Origen Protegida.<\/strong><\/li><li><strong>Rica en antioxidantes y vitaminas.<\/strong><\/li><\/ul><p>No dejes pasar la oportunidad de disfrutar de esta fruta \u00fanica en su mejor momento<\/p>\t\t\t\t\t\t\t\t<\/div>\n\t\t\t\t<\/div>\n\t\t\t\t<div class=\"elementor-element elementor-element-150bb7f elementor-align-center elementor-widget elementor-widget-button\" data-id=\"150bb7f\" data-element_type=\"widget\" data-e-type=\"widget\" data-widget_type=\"button.default\">\n\t\t\t\t<div class=\"elementor-widget-container\">\n\t\t\t\t\t\t\t\t\t<div class=\"elementor-button-wrapper\">\n\t\t\t\t\t<a class=\"elementor-button elementor-button-link elementor-size-sm\" href=\"https:\/\/granavida.com\/47-granadas-variedad-mollar-de-elche\">\n\t\t\t\t\t\t<span class=\"elementor-button-content-wrapper\">\n\t\t\t\t\t\t\t\t\t<span class=\"elementor-button-text\">Compra Granada Mollar <\/span>\n\t\t\t\t\t<\/span>\n\t\t\t\t\t<\/a>\n\t\t\t\t<\/div>\n\t\t\t\t\t\t\t\t<\/div>\n\t\t\t\t<\/div>\n\t\t\t\t\t<\/div>\n\t\t<\/div>\n\t\t\t\t\t<\/div>\n\t\t<\/section>\n\t\t\t\t<\/div>\n\t\t","protected":false},"excerpt":{"rendered":"<p>Granada Mollar de Elche: \u00a1La Temporada ha Comenzado! La Granada Mollar de Elche es una de las frutas m\u00e1s emblem\u00e1ticas de Espa\u00f1a, reconocida por su Denominaci\u00f3n de Origen Protegida (DOP), y octubre marca el inicio de su temporada. Es el momento perfecto para disfrutar de su frescura, sabor \u00fanico y todos los beneficios que ofrece &#8230; <a title=\"Granada Mollar de Elche: \u00a1La Temporada ha Comenzado!\" class=\"read-more\" href=\"https:\/\/www.granavida.com\/blog\/granada-mollar-de-elche-la-temporada-ha-comenzado\/\" aria-label=\"Leer m\u00e1s sobre Granada Mollar de Elche: \u00a1La Temporada ha Comenzado!\">Leer Mas<\/a><\/p>\n","protected":false},"author":1,"featured_media":0,"comment_status":"open","ping_status":"open","sticky":false,"template":"","format":"standard","meta":{"footnotes":""},"categories":[62],"tags":[],"class_list":["post-6939","post","type-post","status-publish","format-standard","hentry","category-granada-mollar"],"acf":[],"yoast_head":"<!-- This site is optimized with the Yoast SEO Premium plugin v27.2 (Yoast SEO v27.2) - https:\/\/yoast.com\/product\/yoast-seo-premium-wordpress\/ -->\n<title>Granada Mollar de Elche: \u00a1La Temporada ha Comenzado! | Blog de Granavida\u00ae<\/title>\n<meta name=\"description\" content=\"Disfruta de la Granada Mollar de Elche de temporada, una fruta fresca con Denominaci\u00f3n de Origen Protegida. Llena de sabor y beneficios para la salud, \u00a1compra ahora\" \/>\n<meta name=\"robots\" content=\"index, follow, max-snippet:-1, max-image-preview:large, max-video-preview:-1\" \/>\n<link rel=\"canonical\" href=\"https:\/\/www.granavida.com\/blog\/granada-mollar-de-elche-la-temporada-ha-comenzado\/\" \/>\n<meta property=\"og:locale\" content=\"es_ES\" \/>\n<meta property=\"og:type\" content=\"article\" \/>\n<meta property=\"og:title\" content=\"Granada Mollar de Elche: \u00a1La Temporada ha Comenzado!\" \/>\n<meta property=\"og:description\" content=\"Disfruta de la Granada Mollar de Elche de temporada, una fruta fresca con Denominaci\u00f3n de Origen Protegida. Llena de sabor y beneficios para la salud, \u00a1compra ahora\" \/>\n<meta property=\"og:url\" content=\"https:\/\/www.granavida.com\/blog\/granada-mollar-de-elche-la-temporada-ha-comenzado\/\" \/>\n<meta property=\"og:site_name\" content=\"Blog de Granavida\u00ae\" \/>\n<meta property=\"article:publisher\" content=\"https:\/\/www.facebook.com\/granavida\/\" \/>\n<meta property=\"article:published_time\" content=\"2024-10-04T12:01:00+00:00\" \/>\n<meta property=\"og:image\" content=\"https:\/\/www.granavida.com\/blog\/wp-content\/uploads\/2024\/10\/granada-mollar-de-elche-abierta-sobre-cocina.png\" \/>\n<meta name=\"author\" content=\"Granavida\u00ae- Blog\" \/>\n<meta name=\"twitter:card\" content=\"summary_large_image\" \/>\n<meta name=\"twitter:creator\" content=\"@GRANAVIDA\" \/>\n<meta name=\"twitter:site\" content=\"@GRANAVIDA\" \/>\n<meta name=\"twitter:label1\" content=\"Escrito por\" \/>\n\t<meta name=\"twitter:data1\" content=\"Granavida\u00ae- Blog\" \/>\n\t<meta name=\"twitter:label2\" content=\"Tiempo de lectura\" \/>\n\t<meta name=\"twitter:data2\" content=\"4 minutos\" \/>\n<script type=\"application\/ld+json\" class=\"yoast-schema-graph\">{\"@context\":\"https:\/\/schema.org\",\"@graph\":[{\"@type\":\"Article\",\"@id\":\"https:\/\/www.granavida.com\/blog\/granada-mollar-de-elche-la-temporada-ha-comenzado\/#article\",\"isPartOf\":{\"@id\":\"https:\/\/www.granavida.com\/blog\/granada-mollar-de-elche-la-temporada-ha-comenzado\/\"},\"author\":{\"name\":\"Granavida\u00ae- Blog\",\"@id\":\"https:\/\/www.granavida.com\/blog\/#\/schema\/person\/ca48c1719374d94ab83435acacd2f606\"},\"headline\":\"Granada Mollar de Elche: \u00a1La Temporada ha Comenzado!\",\"datePublished\":\"2024-10-04T12:01:00+00:00\",\"mainEntityOfPage\":{\"@id\":\"https:\/\/www.granavida.com\/blog\/granada-mollar-de-elche-la-temporada-ha-comenzado\/\"},\"wordCount\":848,\"commentCount\":0,\"publisher\":{\"@id\":\"https:\/\/www.granavida.com\/blog\/#organization\"},\"image\":{\"@id\":\"https:\/\/www.granavida.com\/blog\/granada-mollar-de-elche-la-temporada-ha-comenzado\/#primaryimage\"},\"thumbnailUrl\":\"https:\/\/www.granavida.com\/blog\/wp-content\/uploads\/2024\/10\/granada-mollar-de-elche-abierta-sobre-cocina.png\",\"articleSection\":[\"Granada Mollar de Elche\"],\"inLanguage\":\"es\",\"potentialAction\":[{\"@type\":\"CommentAction\",\"name\":\"Comment\",\"target\":[\"https:\/\/www.granavida.com\/blog\/granada-mollar-de-elche-la-temporada-ha-comenzado\/#respond\"]}]},{\"@type\":\"WebPage\",\"@id\":\"https:\/\/www.granavida.com\/blog\/granada-mollar-de-elche-la-temporada-ha-comenzado\/\",\"url\":\"https:\/\/www.granavida.com\/blog\/granada-mollar-de-elche-la-temporada-ha-comenzado\/\",\"name\":\"Granada Mollar de Elche: \u00a1La Temporada ha Comenzado! | Blog de Granavida\u00ae\",\"isPartOf\":{\"@id\":\"https:\/\/www.granavida.com\/blog\/#website\"},\"primaryImageOfPage\":{\"@id\":\"https:\/\/www.granavida.com\/blog\/granada-mollar-de-elche-la-temporada-ha-comenzado\/#primaryimage\"},\"image\":{\"@id\":\"https:\/\/www.granavida.com\/blog\/granada-mollar-de-elche-la-temporada-ha-comenzado\/#primaryimage\"},\"thumbnailUrl\":\"https:\/\/www.granavida.com\/blog\/wp-content\/uploads\/2024\/10\/granada-mollar-de-elche-abierta-sobre-cocina.png\",\"datePublished\":\"2024-10-04T12:01:00+00:00\",\"description\":\"Disfruta de la Granada Mollar de Elche de temporada, una fruta fresca con Denominaci\u00f3n de Origen Protegida. Llena de sabor y beneficios para la salud, \u00a1compra ahora\",\"breadcrumb\":{\"@id\":\"https:\/\/www.granavida.com\/blog\/granada-mollar-de-elche-la-temporada-ha-comenzado\/#breadcrumb\"},\"inLanguage\":\"es\",\"potentialAction\":[{\"@type\":\"ReadAction\",\"target\":[\"https:\/\/www.granavida.com\/blog\/granada-mollar-de-elche-la-temporada-ha-comenzado\/\"]}]},{\"@type\":\"ImageObject\",\"inLanguage\":\"es\",\"@id\":\"https:\/\/www.granavida.com\/blog\/granada-mollar-de-elche-la-temporada-ha-comenzado\/#primaryimage\",\"url\":\"https:\/\/www.granavida.com\/blog\/wp-content\/uploads\/2024\/10\/granada-mollar-de-elche-abierta-sobre-cocina.png\",\"contentUrl\":\"https:\/\/www.granavida.com\/blog\/wp-content\/uploads\/2024\/10\/granada-mollar-de-elche-abierta-sobre-cocina.png\"},{\"@type\":\"BreadcrumbList\",\"@id\":\"https:\/\/www.granavida.com\/blog\/granada-mollar-de-elche-la-temporada-ha-comenzado\/#breadcrumb\",\"itemListElement\":[{\"@type\":\"ListItem\",\"position\":1,\"name\":\"Portada\",\"item\":\"https:\/\/www.granavida.com\/blog\/\"},{\"@type\":\"ListItem\",\"position\":2,\"name\":\"Granada Mollar de Elche: \u00a1La Temporada ha Comenzado!\"}]},{\"@type\":\"WebSite\",\"@id\":\"https:\/\/www.granavida.com\/blog\/#website\",\"url\":\"https:\/\/www.granavida.com\/blog\/\",\"name\":\"Zumo de granada Granavida\u00ae\",\"description\":\"Productos elaborados con granadas mollar de elche\",\"publisher\":{\"@id\":\"https:\/\/www.granavida.com\/blog\/#organization\"},\"potentialAction\":[{\"@type\":\"SearchAction\",\"target\":{\"@type\":\"EntryPoint\",\"urlTemplate\":\"https:\/\/www.granavida.com\/blog\/?s={search_term_string}\"},\"query-input\":{\"@type\":\"PropertyValueSpecification\",\"valueRequired\":true,\"valueName\":\"search_term_string\"}}],\"inLanguage\":\"es\"},{\"@type\":\"Organization\",\"@id\":\"https:\/\/www.granavida.com\/blog\/#organization\",\"name\":\"Granavida\u00ae\",\"url\":\"https:\/\/www.granavida.com\/blog\/\",\"logo\":{\"@type\":\"ImageObject\",\"inLanguage\":\"es\",\"@id\":\"https:\/\/www.granavida.com\/blog\/#\/schema\/logo\/image\/\",\"url\":\"https:\/\/www.granavida.com\/blog\/wp-content\/uploads\/2019\/06\/logo-nuevo-tienda.jpg\",\"contentUrl\":\"https:\/\/www.granavida.com\/blog\/wp-content\/uploads\/2019\/06\/logo-nuevo-tienda.jpg\",\"width\":300,\"height\":100,\"caption\":\"Granavida\u00ae\"},\"image\":{\"@id\":\"https:\/\/www.granavida.com\/blog\/#\/schema\/logo\/image\/\"},\"sameAs\":[\"https:\/\/www.facebook.com\/granavida\/\",\"https:\/\/x.com\/GRANAVIDA\"]},{\"@type\":\"Person\",\"@id\":\"https:\/\/www.granavida.com\/blog\/#\/schema\/person\/ca48c1719374d94ab83435acacd2f606\",\"name\":\"Granavida\u00ae- Blog\",\"image\":{\"@type\":\"ImageObject\",\"inLanguage\":\"es\",\"@id\":\"https:\/\/secure.gravatar.com\/avatar\/adee8e7e201fc78c01aed0e87d4322156abbf31424250dbb72b973b29280a57b?s=96&d=mm&r=g\",\"url\":\"https:\/\/secure.gravatar.com\/avatar\/adee8e7e201fc78c01aed0e87d4322156abbf31424250dbb72b973b29280a57b?s=96&d=mm&r=g\",\"contentUrl\":\"https:\/\/secure.gravatar.com\/avatar\/adee8e7e201fc78c01aed0e87d4322156abbf31424250dbb72b973b29280a57b?s=96&d=mm&r=g\",\"caption\":\"Granavida\u00ae- Blog\"},\"url\":\"https:\/\/www.granavida.com\/blog\/author\/admin\/\"}]}<\/script>\n<!-- \/ Yoast SEO Premium plugin. -->","yoast_head_json":{"title":"Granada Mollar de Elche: \u00a1La Temporada ha Comenzado! | Blog de Granavida\u00ae","description":"Disfruta de la Granada Mollar de Elche de temporada, una fruta fresca con Denominaci\u00f3n de Origen Protegida. Llena de sabor y beneficios para la salud, \u00a1compra ahora","robots":{"index":"index","follow":"follow","max-snippet":"max-snippet:-1","max-image-preview":"max-image-preview:large","max-video-preview":"max-video-preview:-1"},"canonical":"https:\/\/www.granavida.com\/blog\/granada-mollar-de-elche-la-temporada-ha-comenzado\/","og_locale":"es_ES","og_type":"article","og_title":"Granada Mollar de Elche: \u00a1La Temporada ha Comenzado!","og_description":"Disfruta de la Granada Mollar de Elche de temporada, una fruta fresca con Denominaci\u00f3n de Origen Protegida. Llena de sabor y beneficios para la salud, \u00a1compra ahora","og_url":"https:\/\/www.granavida.com\/blog\/granada-mollar-de-elche-la-temporada-ha-comenzado\/","og_site_name":"Blog de Granavida\u00ae","article_publisher":"https:\/\/www.facebook.com\/granavida\/","article_published_time":"2024-10-04T12:01:00+00:00","og_image":[{"url":"https:\/\/www.granavida.com\/blog\/wp-content\/uploads\/2024\/10\/granada-mollar-de-elche-abierta-sobre-cocina.png","type":"","width":"","height":""}],"author":"Granavida\u00ae- Blog","twitter_card":"summary_large_image","twitter_creator":"@GRANAVIDA","twitter_site":"@GRANAVIDA","twitter_misc":{"Escrito por":"Granavida\u00ae- Blog","Tiempo de lectura":"4 minutos"},"schema":{"@context":"https:\/\/schema.org","@graph":[{"@type":"Article","@id":"https:\/\/www.granavida.com\/blog\/granada-mollar-de-elche-la-temporada-ha-comenzado\/#article","isPartOf":{"@id":"https:\/\/www.granavida.com\/blog\/granada-mollar-de-elche-la-temporada-ha-comenzado\/"},"author":{"name":"Granavida\u00ae- Blog","@id":"https:\/\/www.granavida.com\/blog\/#\/schema\/person\/ca48c1719374d94ab83435acacd2f606"},"headline":"Granada Mollar de Elche: \u00a1La Temporada ha Comenzado!","datePublished":"2024-10-04T12:01:00+00:00","mainEntityOfPage":{"@id":"https:\/\/www.granavida.com\/blog\/granada-mollar-de-elche-la-temporada-ha-comenzado\/"},"wordCount":848,"commentCount":0,"publisher":{"@id":"https:\/\/www.granavida.com\/blog\/#organization"},"image":{"@id":"https:\/\/www.granavida.com\/blog\/granada-mollar-de-elche-la-temporada-ha-comenzado\/#primaryimage"},"thumbnailUrl":"https:\/\/www.granavida.com\/blog\/wp-content\/uploads\/2024\/10\/granada-mollar-de-elche-abierta-sobre-cocina.png","articleSection":["Granada Mollar de Elche"],"inLanguage":"es","potentialAction":[{"@type":"CommentAction","name":"Comment","target":["https:\/\/www.granavida.com\/blog\/granada-mollar-de-elche-la-temporada-ha-comenzado\/#respond"]}]},{"@type":"WebPage","@id":"https:\/\/www.granavida.com\/blog\/granada-mollar-de-elche-la-temporada-ha-comenzado\/","url":"https:\/\/www.granavida.com\/blog\/granada-mollar-de-elche-la-temporada-ha-comenzado\/","name":"Granada Mollar de Elche: \u00a1La Temporada ha Comenzado! | Blog de Granavida\u00ae","isPartOf":{"@id":"https:\/\/www.granavida.com\/blog\/#website"},"primaryImageOfPage":{"@id":"https:\/\/www.granavida.com\/blog\/granada-mollar-de-elche-la-temporada-ha-comenzado\/#primaryimage"},"image":{"@id":"https:\/\/www.granavida.com\/blog\/granada-mollar-de-elche-la-temporada-ha-comenzado\/#primaryimage"},"thumbnailUrl":"https:\/\/www.granavida.com\/blog\/wp-content\/uploads\/2024\/10\/granada-mollar-de-elche-abierta-sobre-cocina.png","datePublished":"2024-10-04T12:01:00+00:00","description":"Disfruta de la Granada Mollar de Elche de temporada, una fruta fresca con Denominaci\u00f3n de Origen Protegida. Llena de sabor y beneficios para la salud, \u00a1compra ahora","breadcrumb":{"@id":"https:\/\/www.granavida.com\/blog\/granada-mollar-de-elche-la-temporada-ha-comenzado\/#breadcrumb"},"inLanguage":"es","potentialAction":[{"@type":"ReadAction","target":["https:\/\/www.granavida.com\/blog\/granada-mollar-de-elche-la-temporada-ha-comenzado\/"]}]},{"@type":"ImageObject","inLanguage":"es","@id":"https:\/\/www.granavida.com\/blog\/granada-mollar-de-elche-la-temporada-ha-comenzado\/#primaryimage","url":"https:\/\/www.granavida.com\/blog\/wp-content\/uploads\/2024\/10\/granada-mollar-de-elche-abierta-sobre-cocina.png","contentUrl":"https:\/\/www.granavida.com\/blog\/wp-content\/uploads\/2024\/10\/granada-mollar-de-elche-abierta-sobre-cocina.png"},{"@type":"BreadcrumbList","@id":"https:\/\/www.granavida.com\/blog\/granada-mollar-de-elche-la-temporada-ha-comenzado\/#breadcrumb","itemListElement":[{"@type":"ListItem","position":1,"name":"Portada","item":"https:\/\/www.granavida.com\/blog\/"},{"@type":"ListItem","position":2,"name":"Granada Mollar de Elche: \u00a1La Temporada ha Comenzado!"}]},{"@type":"WebSite","@id":"https:\/\/www.granavida.com\/blog\/#website","url":"https:\/\/www.granavida.com\/blog\/","name":"Zumo de granada Granavida\u00ae","description":"Productos elaborados con granadas mollar de elche","publisher":{"@id":"https:\/\/www.granavida.com\/blog\/#organization"},"potentialAction":[{"@type":"SearchAction","target":{"@type":"EntryPoint","urlTemplate":"https:\/\/www.granavida.com\/blog\/?s={search_term_string}"},"query-input":{"@type":"PropertyValueSpecification","valueRequired":true,"valueName":"search_term_string"}}],"inLanguage":"es"},{"@type":"Organization","@id":"https:\/\/www.granavida.com\/blog\/#organization","name":"Granavida\u00ae","url":"https:\/\/www.granavida.com\/blog\/","logo":{"@type":"ImageObject","inLanguage":"es","@id":"https:\/\/www.granavida.com\/blog\/#\/schema\/logo\/image\/","url":"https:\/\/www.granavida.com\/blog\/wp-content\/uploads\/2019\/06\/logo-nuevo-tienda.jpg","contentUrl":"https:\/\/www.granavida.com\/blog\/wp-content\/uploads\/2019\/06\/logo-nuevo-tienda.jpg","width":300,"height":100,"caption":"Granavida\u00ae"},"image":{"@id":"https:\/\/www.granavida.com\/blog\/#\/schema\/logo\/image\/"},"sameAs":["https:\/\/www.facebook.com\/granavida\/","https:\/\/x.com\/GRANAVIDA"]},{"@type":"Person","@id":"https:\/\/www.granavida.com\/blog\/#\/schema\/person\/ca48c1719374d94ab83435acacd2f606","name":"Granavida\u00ae- Blog","image":{"@type":"ImageObject","inLanguage":"es","@id":"https:\/\/secure.gravatar.com\/avatar\/adee8e7e201fc78c01aed0e87d4322156abbf31424250dbb72b973b29280a57b?s=96&d=mm&r=g","url":"https:\/\/secure.gravatar.com\/avatar\/adee8e7e201fc78c01aed0e87d4322156abbf31424250dbb72b973b29280a57b?s=96&d=mm&r=g","contentUrl":"https:\/\/secure.gravatar.com\/avatar\/adee8e7e201fc78c01aed0e87d4322156abbf31424250dbb72b973b29280a57b?s=96&d=mm&r=g","caption":"Granavida\u00ae- Blog"},"url":"https:\/\/www.granavida.com\/blog\/author\/admin\/"}]}},"_links":{"self":[{"href":"https:\/\/www.granavida.com\/blog\/wp-json\/wp\/v2\/posts\/6939","targetHints":{"allow":["GET"]}}],"collection":[{"href":"https:\/\/www.granavida.com\/blog\/wp-json\/wp\/v2\/posts"}],"about":[{"href":"https:\/\/www.granavida.com\/blog\/wp-json\/wp\/v2\/types\/post"}],"author":[{"embeddable":true,"href":"https:\/\/www.granavida.com\/blog\/wp-json\/wp\/v2\/users\/1"}],"replies":[{"embeddable":true,"href":"https:\/\/www.granavida.com\/blog\/wp-json\/wp\/v2\/comments?post=6939"}],"version-history":[{"count":0,"href":"https:\/\/www.granavida.com\/blog\/wp-json\/wp\/v2\/posts\/6939\/revisions"}],"wp:attachment":[{"href":"https:\/\/www.granavida.com\/blog\/wp-json\/wp\/v2\/media?parent=6939"}],"wp:term":[{"taxonomy":"category","embeddable":true,"href":"https:\/\/www.granavida.com\/blog\/wp-json\/wp\/v2\/categories?post=6939"},{"taxonomy":"post_tag","embeddable":true,"href":"https:\/\/www.granavida.com\/blog\/wp-json\/wp\/v2\/tags?post=6939"}],"curies":[{"name":"wp","href":"https:\/\/api.w.org\/{rel}","templated":true}]}}