{"id":7245,"date":"2025-09-02T12:16:47","date_gmt":"2025-09-02T12:16:47","guid":{"rendered":"https:\/\/www.granavida.com\/blog\/?p=7245"},"modified":"2025-09-12T12:04:54","modified_gmt":"2025-09-12T12:04:54","slug":"granada-mollar-de-elche-un-tesoro-mediterraneo-en-tu-mesa","status":"publish","type":"post","link":"https:\/\/www.granavida.com\/blog\/granada-mollar-de-elche-un-tesoro-mediterraneo-en-tu-mesa\/","title":{"rendered":"Granada Mollar de Elche: Un Tesoro Mediterr\u00e1neo en Tu Mesa"},"content":{"rendered":"\t\t<div data-elementor-type=\"wp-post\" data-elementor-id=\"7245\" class=\"elementor elementor-7245\" data-elementor-post-type=\"post\">\n\t\t\t\t<div class=\"elementor-element elementor-element-9090a59 e-flex e-con-boxed e-con e-parent\" data-id=\"9090a59\" data-element_type=\"container\" data-e-type=\"container\">\n\t\t\t\t\t<div class=\"e-con-inner\">\n\t\t\t\t<div class=\"elementor-element elementor-element-33a272b elementor-widget elementor-widget-image\" data-id=\"33a272b\" data-element_type=\"widget\" data-e-type=\"widget\" data-widget_type=\"image.default\">\n\t\t\t\t<div class=\"elementor-widget-container\">\n\t\t\t\t\t\t\t\t\t\t\t\t\t\t\t\t<a href=\"https:\/\/granavida.com\/granada-mollar-de-elche-comprar\/14-granadas-de-mesa.html\">\n\t\t\t\t\t\t\t<img fetchpriority=\"high\" decoding=\"async\" width=\"2532\" height=\"1170\" src=\"https:\/\/www.granavida.com\/blog\/wp-content\/uploads\/2024\/10\/IMG_3285.png\" class=\"attachment-full size-full wp-image-6916\" alt=\"La Granada Mollar de Elche\" srcset=\"https:\/\/www.granavida.com\/blog\/wp-content\/uploads\/2024\/10\/IMG_3285.png 2532w, https:\/\/www.granavida.com\/blog\/wp-content\/uploads\/2024\/10\/IMG_3285-300x139.png 300w, https:\/\/www.granavida.com\/blog\/wp-content\/uploads\/2024\/10\/IMG_3285-1024x473.png 1024w, https:\/\/www.granavida.com\/blog\/wp-content\/uploads\/2024\/10\/IMG_3285-768x355.png 768w, https:\/\/www.granavida.com\/blog\/wp-content\/uploads\/2024\/10\/IMG_3285-1536x710.png 1536w, https:\/\/www.granavida.com\/blog\/wp-content\/uploads\/2024\/10\/IMG_3285-2048x946.png 2048w\" sizes=\"(max-width: 2532px) 100vw, 2532px\" \/>\t\t\t\t\t\t\t\t<\/a>\n\t\t\t\t\t\t\t\t\t\t\t\t\t\t\t<\/div>\n\t\t\t\t<\/div>\n\t\t\t\t<div class=\"elementor-element elementor-element-2b10125 elementor-widget elementor-widget-text-editor\" data-id=\"2b10125\" data-element_type=\"widget\" data-e-type=\"widget\" data-widget_type=\"text-editor.default\">\n\t\t\t\t<div class=\"elementor-widget-container\">\n\t\t\t\t\t\t\t\t\t<p>La <strong>Granada Mollar de Elche<\/strong> no es una fruta cualquiera: es una experiencia sensorial, un emblema de identidad regional y un superalimento cargado de beneficios para tu salud. Reconocida con la <strong>Denominaci\u00f3n de Origen Protegida (D.O.P.)<\/strong>, esta variedad \u00fanica deslumbra por su dulzura, su semilla blanda y su colorido rub\u00ed oto\u00f1al.<\/p><p>Mucho m\u00e1s que un ingrediente estacional, la Granada Mollar de Elche representa siglos de historia, tradici\u00f3n agr\u00edcola y sabor inconfundible. En cada gajo, hay una historia que contar, un recuerdo por despertar y un placer natural por redescubrir. Si buscas un alimento saludable, sabroso y culturalmente significativo, aqu\u00ed tienes la joya que estabas esperando.<\/p><p>Acomp\u00e1\u00f1ame a descubrir por qu\u00e9 esta fruta es considerada la <strong>reina de las granadas<\/strong>, c\u00f3mo ha evolucionado desde la antig\u00fcedad hasta hoy y por qu\u00e9 deber\u00edas tenerla siempre en tu mesa cuando el oto\u00f1o se asoma.<\/p>\t\t\t\t\t\t\t\t<\/div>\n\t\t\t\t<\/div>\n\t\t\t\t<div class=\"elementor-element elementor-element-d2eaecf elementor-widget elementor-widget-heading\" data-id=\"d2eaecf\" data-element_type=\"widget\" data-e-type=\"widget\" data-widget_type=\"heading.default\">\n\t\t\t\t<div class=\"elementor-widget-container\">\n\t\t\t\t\t<h2 class=\"elementor-heading-title elementor-size-default\">Historia y Origen de la Granada Mollar de Elche: Herencia Viva del Mediterr\u00e1neo<\/h2>\t\t\t\t<\/div>\n\t\t\t\t<\/div>\n\t\t\t\t<div class=\"elementor-element elementor-element-d30819c elementor-widget elementor-widget-text-editor\" data-id=\"d30819c\" data-element_type=\"widget\" data-e-type=\"widget\" data-widget_type=\"text-editor.default\">\n\t\t\t\t<div class=\"elementor-widget-container\">\n\t\t\t\t\t\t\t\t\t<p>La <strong>Granada Mollar de Elche<\/strong> no solo es una delicia para el paladar, sino tambi\u00e9n una reliquia viva del pasado que conecta generaciones a trav\u00e9s de la tierra, el sabor y la tradici\u00f3n. Su historia milenaria comienza en la soleada regi\u00f3n de Elche, al sureste de Espa\u00f1a, donde este fruto ha sido cultivado desde tiempos antiguos.<\/p><p>Restos arqueol\u00f3gicos hallados en el yacimiento de La Alcudia, el mismo lugar donde se descubri\u00f3 la Dama de Elche, revelan granadas carbonizadas y ramas de granado que datan del siglo II-I a.C. Estos vestigios no solo evidencian el uso alimentario, sino tambi\u00e9n su integraci\u00f3n en estructuras de viviendas, demostrando el profundo v\u00ednculo entre el granado y la cultura ilicitana.<\/p><p>Durante la \u00e9poca romana y en el periodo isl\u00e1mico, el cultivo del granado se expandi\u00f3 por todo el sureste espa\u00f1ol, valorado por su resistencia, belleza y propiedades medicinales. En Elche, este fruto fue adoptado como s\u00edmbolo de abundancia, fertilidad y renovaci\u00f3n, y esa connotaci\u00f3n espiritual se refleja en tradiciones tan \u00fanicas como el <strong>Misteri d\u2019Elx<\/strong>. Esta representaci\u00f3n sacra del siglo XV, reconocida como Patrimonio de la Humanidad, incluye un dispositivo esc\u00e9nico en forma de granada (\u201cla Magrana\u201d) desde el que desciende un \u00e1ngel durante la obra.<\/p><p>A nivel econ\u00f3mico, los registros indican que ya en 1864 se exportaban toneladas de granadas desde Elche, utilizadas tanto en alimentaci\u00f3n como en la industria farmac\u00e9utica gracias a su corteza rica en taninos. A principios del siglo XX, surgieron las primeras empresas especializadas en la exportaci\u00f3n de la <strong>Granada Mollar de Elche<\/strong>, consolidando su posici\u00f3n en mercados nacionales e internacionales.<\/p><p>Esta continuidad hist\u00f3rica ha permitido a los agricultores perfeccionar, cuidar y proteger esta variedad. El conocimiento ha sido transmitido de generaci\u00f3n en generaci\u00f3n, asegurando que cada fruto conserve el sabor, textura y calidad que la caracteriza.<\/p><p>Hoy, cuando se inicia la cosecha entre octubre y enero, Elche no solo recolecta frutas, sino que celebra una herencia agr\u00edcola que ha perdurado por siglos. Elegir una <strong>Granada Mollar de Elche<\/strong> no es solo una decisi\u00f3n gastron\u00f3mica, sino tambi\u00e9n un acto de conexi\u00f3n con nuestras ra\u00edces.<\/p>\t\t\t\t\t\t\t\t<\/div>\n\t\t\t\t<\/div>\n\t\t\t\t<div class=\"elementor-element elementor-element-18c6b15 elementor-widget elementor-widget-heading\" data-id=\"18c6b15\" data-element_type=\"widget\" data-e-type=\"widget\" data-widget_type=\"heading.default\">\n\t\t\t\t<div class=\"elementor-widget-container\">\n\t\t\t\t\t<h3 class=\"elementor-heading-title elementor-size-default\">\u00bfQu\u00e9 Hace \u00danica a la Granada Mollar de Elche?<\/h3>\t\t\t\t<\/div>\n\t\t\t\t<\/div>\n\t\t\t\t<div class=\"elementor-element elementor-element-0f36d0b elementor-widget elementor-widget-text-editor\" data-id=\"0f36d0b\" data-element_type=\"widget\" data-e-type=\"widget\" data-widget_type=\"text-editor.default\">\n\t\t\t\t<div class=\"elementor-widget-container\">\n\t\t\t\t\t\t\t\t\t<p>Si hay una palabra que define a la <strong>Granada Mollar de Elche<\/strong>, es <em>excepcional<\/em>. No basta con verla: hay que probarla, sentir c\u00f3mo se deshace en la boca, c\u00f3mo su dulzura inunda los sentidos y c\u00f3mo su textura suave sorprende al paladar. Esta variedad se ha ganado su lugar como una de las m\u00e1s apreciadas del mundo, y no es por casualidad.<\/p>\t\t\t\t\t\t\t\t<\/div>\n\t\t\t\t<\/div>\n\t\t\t\t<div class=\"elementor-element elementor-element-d6e4a21 elementor-widget elementor-widget-heading\" data-id=\"d6e4a21\" data-element_type=\"widget\" data-e-type=\"widget\" data-widget_type=\"heading.default\">\n\t\t\t\t<div class=\"elementor-widget-container\">\n\t\t\t\t\t<h4 class=\"elementor-heading-title elementor-size-default\">Semilla blanda: el coraz\u00f3n comestible<\/h4>\t\t\t\t<\/div>\n\t\t\t\t<\/div>\n\t\t\t\t<div class=\"elementor-element elementor-element-a60672c elementor-widget elementor-widget-text-editor\" data-id=\"a60672c\" data-element_type=\"widget\" data-e-type=\"widget\" data-widget_type=\"text-editor.default\">\n\t\t\t\t<div class=\"elementor-widget-container\">\n\t\t\t\t\t\t\t\t\t<p>A diferencia de otras variedades comerciales como la Wonderful (de sabor m\u00e1s \u00e1cido y semilla le\u00f1osa), la Mollar de Elche destaca por su semilla blanda y casi imperceptible al masticar. Esto significa que puedes disfrutar los arilos completos, sin necesidad de desechar nada, aprovechando al m\u00e1ximo su fibra y nutrientes. La suavidad de su semilla es tal que muchas personas que evitan otras granadas por su dureza, se enamoran de esta.<\/p>\t\t\t\t\t\t\t\t<\/div>\n\t\t\t\t<\/div>\n\t\t\t\t<div class=\"elementor-element elementor-element-5af9c5c elementor-widget elementor-widget-heading\" data-id=\"5af9c5c\" data-element_type=\"widget\" data-e-type=\"widget\" data-widget_type=\"heading.default\">\n\t\t\t\t<div class=\"elementor-widget-container\">\n\t\t\t\t\t<h4 class=\"elementor-heading-title elementor-size-default\">Dulzura mediterr\u00e1nea natural<\/h4>\t\t\t\t<\/div>\n\t\t\t\t<\/div>\n\t\t\t\t<div class=\"elementor-element elementor-element-46138e4 elementor-widget elementor-widget-text-editor\" data-id=\"46138e4\" data-element_type=\"widget\" data-e-type=\"widget\" data-widget_type=\"text-editor.default\">\n\t\t\t\t<div class=\"elementor-widget-container\">\n\t\t\t\t\t\t\t\t\t<p>Su sabor es dulce, equilibrado y profundamente agradable. Tiene un nivel muy bajo de acidez, lo que la hace ideal tanto para consumirla al natural como para incorporarla en recetas dulces y saladas. El dulzor natural de la <strong>Granada Mollar de Elche<\/strong> es tan notable que no necesita az\u00facar a\u00f1adido en zumos ni en postres.<\/p>\t\t\t\t\t\t\t\t<\/div>\n\t\t\t\t<\/div>\n\t\t\t\t<div class=\"elementor-element elementor-element-a2fd4f2 elementor-widget elementor-widget-heading\" data-id=\"a2fd4f2\" data-element_type=\"widget\" data-e-type=\"widget\" data-widget_type=\"heading.default\">\n\t\t\t\t<div class=\"elementor-widget-container\">\n\t\t\t\t\t<h4 class=\"elementor-heading-title elementor-size-default\">Color, forma y textura<\/h4>\t\t\t\t<\/div>\n\t\t\t\t<\/div>\n\t\t\t\t<div class=\"elementor-element elementor-element-d15ff2f elementor-widget elementor-widget-text-editor\" data-id=\"d15ff2f\" data-element_type=\"widget\" data-e-type=\"widget\" data-widget_type=\"text-editor.default\">\n\t\t\t\t<div class=\"elementor-widget-container\">\n\t\t\t\t\t\t\t\t\t<p>Visualmente, es una fruta que cautiva: su piel puede variar del amarillo-dorado al rojo suave, dependiendo del sol que haya recibido. En su interior, los arilos son de un rojo brillante casi transl\u00facido, jugosos y vibrantes. Al morderlos, explotan con un sonido sutil y una sensaci\u00f3n que combina frescura, dulzura y suavidad.<\/p><p>Adem\u00e1s, su piel es m\u00e1s fina que otras variedades, lo que facilita la extracci\u00f3n de zumo y aumenta el rendimiento de pulpa por fruto. Esto tambi\u00e9n contribuye a que sea m\u00e1s c\u00f3moda de manipular en cocina.<\/p>\t\t\t\t\t\t\t\t<\/div>\n\t\t\t\t<\/div>\n\t\t\t\t<div class=\"elementor-element elementor-element-d35d33c elementor-widget elementor-widget-heading\" data-id=\"d35d33c\" data-element_type=\"widget\" data-e-type=\"widget\" data-widget_type=\"heading.default\">\n\t\t\t\t<div class=\"elementor-widget-container\">\n\t\t\t\t\t<h4 class=\"elementor-heading-title elementor-size-default\">Calibre generoso<\/h4>\t\t\t\t<\/div>\n\t\t\t\t<\/div>\n\t\t\t\t<div class=\"elementor-element elementor-element-4dd138e elementor-widget elementor-widget-text-editor\" data-id=\"4dd138e\" data-element_type=\"widget\" data-e-type=\"widget\" data-widget_type=\"text-editor.default\">\n\t\t\t\t<div class=\"elementor-widget-container\">\n\t\t\t\t\t\t\t\t\t<p>Las granadas Mollar de Elche suelen tener un tama\u00f1o mediano a grande, con pesos que oscilan entre 400 y 800 gramos. Esto no solo las hace m\u00e1s vistosas en el punto de venta, sino que tambi\u00e9n ofrecen m\u00e1s porci\u00f3n comestible, lo que las hace atractivas para el consumidor y rentables para la industria.<\/p><p>Gracias a esta combinaci\u00f3n de caracter\u00edsticas \u2014<strong>dulzura, semilla blanda, arilos jugosos, piel fina y tama\u00f1o generoso<\/strong>\u2014 la <strong>Granada Mollar de Elche<\/strong> se ha ganado con justicia su reputaci\u00f3n como una de las mejores granadas del mundo. Una aut\u00e9ntica joya que no solo se ve bien, sino que tambi\u00e9n se disfruta como pocas.<\/p>\t\t\t\t\t\t\t\t<\/div>\n\t\t\t\t<\/div>\n\t\t\t\t<div class=\"elementor-element elementor-element-fbd24ae elementor-widget elementor-widget-heading\" data-id=\"fbd24ae\" data-element_type=\"widget\" data-e-type=\"widget\" data-widget_type=\"heading.default\">\n\t\t\t\t<div class=\"elementor-widget-container\">\n\t\t\t\t\t<h4 class=\"elementor-heading-title elementor-size-default\">Beneficios de la Granada Mollar de Elche para la Salud<\/h4>\t\t\t\t<\/div>\n\t\t\t\t<\/div>\n\t\t\t\t\t<\/div>\n\t\t\t\t<\/div>\n\t\t<div class=\"elementor-element elementor-element-88dbc06 e-flex e-con-boxed e-con e-parent\" data-id=\"88dbc06\" data-element_type=\"container\" data-e-type=\"container\">\n\t\t\t\t\t<div class=\"e-con-inner\">\n\t\t\t\t<div class=\"elementor-element elementor-element-a6b0397 elementor-widget elementor-widget-text-editor\" data-id=\"a6b0397\" data-element_type=\"widget\" data-e-type=\"widget\" data-widget_type=\"text-editor.default\">\n\t\t\t\t<div class=\"elementor-widget-container\">\n\t\t\t\t\t\t\t\t\t<p>Consumir una <strong>Granada Mollar de Elche<\/strong> no es solo una elecci\u00f3n deliciosa, sino tambi\u00e9n un regalo para tu cuerpo. Esta fruta no solo es un placer para el paladar, sino tambi\u00e9n una fuente de salud natural, cargada de antioxidantes, fibra, vitaminas y minerales que aportan bienestar de forma integral.<\/p>\t\t\t\t\t\t\t\t<\/div>\n\t\t\t\t<\/div>\n\t\t\t\t<div class=\"elementor-element elementor-element-90699b5 elementor-widget elementor-widget-heading\" data-id=\"90699b5\" data-element_type=\"widget\" data-e-type=\"widget\" data-widget_type=\"heading.default\">\n\t\t\t\t<div class=\"elementor-widget-container\">\n\t\t\t\t\t<h4 class=\"elementor-heading-title elementor-size-default\">Rica en antioxidantes: tu escudo natural<\/h4>\t\t\t\t<\/div>\n\t\t\t\t<\/div>\n\t\t\t\t<div class=\"elementor-element elementor-element-ec01097 elementor-widget elementor-widget-text-editor\" data-id=\"ec01097\" data-element_type=\"widget\" data-e-type=\"widget\" data-widget_type=\"text-editor.default\">\n\t\t\t\t<div class=\"elementor-widget-container\">\n\t\t\t\t\t\t\t\t\t<p>Una de las cualidades m\u00e1s destacadas de esta variedad es su alt\u00edsimo contenido en polifenoles, como las punicalaginas y antocianinas. Estos compuestos antioxidantes ayudan a combatir el estr\u00e9s oxidativo celular, reduciendo el envejecimiento prematuro y protegiendo el cuerpo frente a enfermedades degenerativas.<\/p><p>Estudios cient\u00edficos han relacionado el consumo regular de granada con mejoras en la salud cardiovascular, gracias a su capacidad para disminuir la presi\u00f3n arterial y mejorar el flujo sangu\u00edneo.<\/p>\t\t\t\t\t\t\t\t<\/div>\n\t\t\t\t<\/div>\n\t\t\t\t<div class=\"elementor-element elementor-element-7b4dddd elementor-widget elementor-widget-heading\" data-id=\"7b4dddd\" data-element_type=\"widget\" data-e-type=\"widget\" data-widget_type=\"heading.default\">\n\t\t\t\t<div class=\"elementor-widget-container\">\n\t\t\t\t\t<h4 class=\"elementor-heading-title elementor-size-default\">Fuente natural de vitaminas y minerales<\/h4>\t\t\t\t<\/div>\n\t\t\t\t<\/div>\n\t\t\t\t<div class=\"elementor-element elementor-element-6f41773 elementor-widget elementor-widget-text-editor\" data-id=\"6f41773\" data-element_type=\"widget\" data-e-type=\"widget\" data-widget_type=\"text-editor.default\">\n\t\t\t\t<div class=\"elementor-widget-container\">\n\t\t\t\t\t\t\t\t\t<p>Cada 100 gramos de <strong>Granada Mollar de Elche<\/strong> aportan aproximadamente 83 kcal, junto con:<\/p><ul><li><strong>4 g de fibra diet\u00e9tica<\/strong>, ideal para la salud digestiva.<\/li><li><strong>10 mg de vitamina C<\/strong>, fortaleciendo el sistema inmunol\u00f3gico.<\/li><li><strong>Potasio<\/strong>, que regula la presi\u00f3n arterial y la funci\u00f3n muscular.<\/li><li><strong>Vitamina K<\/strong> y <strong>folatos<\/strong>, esenciales para la coagulaci\u00f3n sangu\u00ednea y la salud celular.<\/li><\/ul><p>Adem\u00e1s, su bajo \u00edndice gluc\u00e9mico la convierte en una opci\u00f3n saludable incluso para personas con control gluc\u00e9mico estricto.<\/p>\t\t\t\t\t\t\t\t<\/div>\n\t\t\t\t<\/div>\n\t\t\t\t<div class=\"elementor-element elementor-element-67984e0 elementor-widget elementor-widget-heading\" data-id=\"67984e0\" data-element_type=\"widget\" data-e-type=\"widget\" data-widget_type=\"heading.default\">\n\t\t\t\t<div class=\"elementor-widget-container\">\n\t\t\t\t\t<h4 class=\"elementor-heading-title elementor-size-default\">Propiedades antiinflamatorias y digestivas<\/h4>\t\t\t\t<\/div>\n\t\t\t\t<\/div>\n\t\t\t\t\t<\/div>\n\t\t\t\t<\/div>\n\t\t<div class=\"elementor-element elementor-element-443e9a6 e-flex e-con-boxed e-con e-parent\" data-id=\"443e9a6\" data-element_type=\"container\" data-e-type=\"container\">\n\t\t\t\t\t<div class=\"e-con-inner\">\n\t\t\t\t<div class=\"elementor-element elementor-element-f0c0ce7 elementor-widget elementor-widget-text-editor\" data-id=\"f0c0ce7\" data-element_type=\"widget\" data-e-type=\"widget\" data-widget_type=\"text-editor.default\">\n\t\t\t\t<div class=\"elementor-widget-container\">\n\t\t\t\t\t\t\t\t\t<p>El consumo habitual de granada puede contribuir a disminuir la inflamaci\u00f3n cr\u00f3nica, lo que resulta \u00fatil para deportistas o personas con enfermedades inflamatorias. Por otro lado, su contenido en fibra favorece el tr\u00e1nsito intestinal, ayudando a prevenir el estre\u00f1imiento de manera natural y sin efectos secundarios.<\/p>\t\t\t\t\t\t\t\t<\/div>\n\t\t\t\t<\/div>\n\t\t\t\t<div class=\"elementor-element elementor-element-76eb2bf elementor-widget elementor-widget-heading\" data-id=\"76eb2bf\" data-element_type=\"widget\" data-e-type=\"widget\" data-widget_type=\"heading.default\">\n\t\t\t\t<div class=\"elementor-widget-container\">\n\t\t\t\t\t<h4 class=\"elementor-heading-title elementor-size-default\">Belleza desde dentro<\/h4>\t\t\t\t<\/div>\n\t\t\t\t<\/div>\n\t\t\t\t\t<\/div>\n\t\t\t\t<\/div>\n\t\t<div class=\"elementor-element elementor-element-394894a e-flex e-con-boxed e-con e-parent\" data-id=\"394894a\" data-element_type=\"container\" data-e-type=\"container\">\n\t\t\t\t\t<div class=\"e-con-inner\">\n\t\t\t\t<div class=\"elementor-element elementor-element-d9e86d4 elementor-widget elementor-widget-text-editor\" data-id=\"d9e86d4\" data-element_type=\"widget\" data-e-type=\"widget\" data-widget_type=\"text-editor.default\">\n\t\t\t\t<div class=\"elementor-widget-container\">\n\t\t\t\t\t\t\t\t\t<p>Gracias a sus antioxidantes, la Granada Mollar de Elche tambi\u00e9n es un aliado de la piel. Ayuda a mantenerla m\u00e1s joven, firme y protegida frente a agresiones externas. No en vano, muchos productos cosm\u00e9ticos de alta gama incluyen extracto de granada en sus f\u00f3rmulas.<\/p><p>En definitiva, incluir la <strong>Granada Mollar de Elche<\/strong> en tu dieta no solo eleva tus platos, sino que tambi\u00e9n potencia tu salud de forma integral. Es una fruta funcional, capaz de nutrir tu cuerpo y mimarlo a diario.<\/p>\t\t\t\t\t\t\t\t<\/div>\n\t\t\t\t<\/div>\n\t\t\t\t<div class=\"elementor-element elementor-element-d0e3f29 elementor-widget elementor-widget-heading\" data-id=\"d0e3f29\" data-element_type=\"widget\" data-e-type=\"widget\" data-widget_type=\"heading.default\">\n\t\t\t\t<div class=\"elementor-widget-container\">\n\t\t\t\t\t<h4 class=\"elementor-heading-title elementor-size-default\">\u00bfQu\u00e9 significa tener D.O.P.?<\/h4>\t\t\t\t<\/div>\n\t\t\t\t<\/div>\n\t\t\t\t<div class=\"elementor-element elementor-element-f0faa6c elementor-widget elementor-widget-text-editor\" data-id=\"f0faa6c\" data-element_type=\"widget\" data-e-type=\"widget\" data-widget_type=\"text-editor.default\">\n\t\t\t\t<div class=\"elementor-widget-container\">\n\t\t\t\t\t\t\t\t\t<p>Tener el sello D.O.P. implica que la fruta:<\/p><ul><li><strong>Se cultiva en 40 municipios del sur de la provincia de Alicante<\/strong>, donde el clima, el suelo y las t\u00e9cnicas agr\u00edcolas forman un equilibrio perfecto para esta variedad.<\/li><li><strong>Cumple normas de producci\u00f3n exigentes<\/strong>, que garantizan la frescura, el punto \u00f3ptimo de maduraci\u00f3n, el calibre, el color y el sabor caracter\u00edstico de la Mollar de Elche.<\/li><li><strong>Est\u00e1 sujeta a inspecciones y controles rigurosos<\/strong>, realizados por el Consejo Regulador de la D.O.P.<\/li><\/ul><p>Este sistema protege no solo al consumidor, sino tambi\u00e9n a los productores locales frente a imitaciones, garantizando que el valor a\u00f1adido de su trabajo permanezca en la regi\u00f3n.<\/p>\t\t\t\t\t\t\t\t<\/div>\n\t\t\t\t<\/div>\n\t\t\t\t<div class=\"elementor-element elementor-element-2016d90 elementor-widget elementor-widget-heading\" data-id=\"2016d90\" data-element_type=\"widget\" data-e-type=\"widget\" data-widget_type=\"heading.default\">\n\t\t\t\t<div class=\"elementor-widget-container\">\n\t\t\t\t\t<h3 class=\"elementor-heading-title elementor-size-default\">Temporada: la joya del oto\u00f1o<\/h3>\t\t\t\t<\/div>\n\t\t\t\t<\/div>\n\t\t\t\t<div class=\"elementor-element elementor-element-00b0635 elementor-widget elementor-widget-text-editor\" data-id=\"00b0635\" data-element_type=\"widget\" data-e-type=\"widget\" data-widget_type=\"text-editor.default\">\n\t\t\t\t<div class=\"elementor-widget-container\">\n\t\t\t\t\t\t\t\t\t<p>La <strong>Granada Mollar de Elche<\/strong> es estacional, lo que la hace a\u00fan m\u00e1s especial. Su temporada va de octubre a enero, coincidiendo con el oto\u00f1o e inicios del invierno. Durante estos meses, los campos de Elche se ti\u00f1en de tonos rojizos y dorados, ofreciendo un espect\u00e1culo natural que culmina en una fruta de sabor y textura inigualables.<\/p>\t\t\t\t\t\t\t\t<\/div>\n\t\t\t\t<\/div>\n\t\t\t\t<div class=\"elementor-element elementor-element-6700f0b elementor-widget elementor-widget-heading\" data-id=\"6700f0b\" data-element_type=\"widget\" data-e-type=\"widget\" data-widget_type=\"heading.default\">\n\t\t\t\t<div class=\"elementor-widget-container\">\n\t\t\t\t\t<h4 class=\"elementor-heading-title elementor-size-default\">Un s\u00edmbolo de identidad regional<\/h4>\t\t\t\t<\/div>\n\t\t\t\t<\/div>\n\t\t\t\t<div class=\"elementor-element elementor-element-08d75c4 elementor-widget elementor-widget-text-editor\" data-id=\"08d75c4\" data-element_type=\"widget\" data-e-type=\"widget\" data-widget_type=\"text-editor.default\">\n\t\t\t\t<div class=\"elementor-widget-container\">\n\t\t\t\t\t\t\t\t\t<p>M\u00e1s all\u00e1 de lo gastron\u00f3mico, la Mollar de Elche D.O.P. es un orgullo para la Comunidad Valenciana. Es parte de su cultura, econom\u00eda y turismo agr\u00edcola. Esta fruta es protagonista en ferias, mercados y recetas tradicionales que han pasado de generaci\u00f3n en generaci\u00f3n.<\/p>\t\t\t\t\t\t\t\t<\/div>\n\t\t\t\t<\/div>\n\t\t\t\t<div class=\"elementor-element elementor-element-571e53f elementor-widget elementor-widget-heading\" data-id=\"571e53f\" data-element_type=\"widget\" data-e-type=\"widget\" data-widget_type=\"heading.default\">\n\t\t\t\t<div class=\"elementor-widget-container\">\n\t\t\t\t\t<h4 class=\"elementor-heading-title elementor-size-default\">Apoya lo local, apuesta por lo aut\u00e9ntico<\/h4>\t\t\t\t<\/div>\n\t\t\t\t<\/div>\n\t\t\t\t<div class=\"elementor-element elementor-element-0342666 elementor-widget elementor-widget-text-editor\" data-id=\"0342666\" data-element_type=\"widget\" data-e-type=\"widget\" data-widget_type=\"text-editor.default\">\n\t\t\t\t<div class=\"elementor-widget-container\">\n\t\t\t\t\t\t\t\t\t<p>Cuando eliges una <strong>Granada Mollar de Elche con D.O.P.<\/strong>, est\u00e1s apoyando a m\u00e1s de 600 familias de agricultores que cuidan sus campos con dedicaci\u00f3n artesanal. Est\u00e1s protegiendo una variedad \u00fanica y apostando por un producto con sabor a tierra, historia y verdad.<\/p><p>Puedes conocer m\u00e1s sobre la D.O.P. Granada Mollar de Elche en su sitio oficial, donde encontrar\u00e1s informaci\u00f3n directa desde el Consejo Regulador.<\/p>\t\t\t\t\t\t\t\t<\/div>\n\t\t\t\t<\/div>\n\t\t\t\t<div class=\"elementor-element elementor-element-4e1a394 elementor-widget elementor-widget-heading\" data-id=\"4e1a394\" data-element_type=\"widget\" data-e-type=\"widget\" data-widget_type=\"heading.default\">\n\t\t\t\t<div class=\"elementor-widget-container\">\n\t\t\t\t\t<h4 class=\"elementor-heading-title elementor-size-default\">C\u00f3mo Disfrutar la Granada Mollar de Elche Todo el A\u00f1o<\/h4>\t\t\t\t<\/div>\n\t\t\t\t<\/div>\n\t\t\t\t<div class=\"elementor-element elementor-element-964a655 elementor-widget elementor-widget-text-editor\" data-id=\"964a655\" data-element_type=\"widget\" data-e-type=\"widget\" data-widget_type=\"text-editor.default\">\n\t\t\t\t<div class=\"elementor-widget-container\">\n\t\t\t\t\t\t\t\t\t<p>Una de las grandes virtudes de la <strong>Granada Mollar de Elche<\/strong> es su versatilidad: no solo es deliciosa al natural, sino que tambi\u00e9n realza recetas dulces, saladas y bebidas con un toque de color, frescura y sabor inconfundible. Adem\u00e1s, aunque su temporada es limitada, hay formas de disfrutar sus beneficios durante todo el a\u00f1o.<\/p>\t\t\t\t\t\t\t\t<\/div>\n\t\t\t\t<\/div>\n\t\t\t\t<div class=\"elementor-element elementor-element-4c5ede6 elementor-widget elementor-widget-heading\" data-id=\"4c5ede6\" data-element_type=\"widget\" data-e-type=\"widget\" data-widget_type=\"heading.default\">\n\t\t\t\t<div class=\"elementor-widget-container\">\n\t\t\t\t\t<h4 class=\"elementor-heading-title elementor-size-default\">Ideas para saborearla al m\u00e1ximo<\/h4>\t\t\t\t<\/div>\n\t\t\t\t<\/div>\n\t\t\t\t\t<\/div>\n\t\t\t\t<\/div>\n\t\t<div class=\"elementor-element elementor-element-05abeba e-flex e-con-boxed e-con e-parent\" data-id=\"05abeba\" data-element_type=\"container\" data-e-type=\"container\">\n\t\t\t\t\t<div class=\"e-con-inner\">\n\t\t\t\t<div class=\"elementor-element elementor-element-1d673ac elementor-widget elementor-widget-text-editor\" data-id=\"1d673ac\" data-element_type=\"widget\" data-e-type=\"widget\" data-widget_type=\"text-editor.default\">\n\t\t\t\t<div class=\"elementor-widget-container\">\n\t\t\t\t\t\t\t\t\t<p>Aqu\u00ed algunas de las formas m\u00e1s sabrosas de integrarla en tu d\u00eda a d\u00eda:<\/p><ul><li><strong>Al natural<\/strong>, como snack saludable entre horas.<\/li><li><strong>En ensaladas<\/strong>, combinada con queso feta, nueces o aguacate.<\/li><li><strong>En platos salados<\/strong>, como acompa\u00f1amiento en couscous, carnes blancas o incluso guacamole.<\/li><li><strong>En postres<\/strong>, sobre yogures, tartas, bizcochos o incluso granizados caseros.<\/li><li><strong>En bebidas<\/strong>, tanto en zumos naturales como en c\u00f3cteles frescos y coloridos.<\/li><\/ul><p>Sus arilos no solo aportan dulzura y jugosidad, sino tambi\u00e9n una textura explosiva que transforma cualquier receta sencilla en un plato especial.<\/p>\t\t\t\t\t\t\t\t<\/div>\n\t\t\t\t<\/div>\n\t\t\t\t<div class=\"elementor-element elementor-element-c67fdd7 elementor-widget elementor-widget-heading\" data-id=\"c67fdd7\" data-element_type=\"widget\" data-e-type=\"widget\" data-widget_type=\"heading.default\">\n\t\t\t\t<div class=\"elementor-widget-container\">\n\t\t\t\t\t<h4 class=\"elementor-heading-title elementor-size-default\">Compra online y entrega directa<\/h4>\t\t\t\t<\/div>\n\t\t\t\t<\/div>\n\t\t\t\t<div class=\"elementor-element elementor-element-b82b02e elementor-widget elementor-widget-text-editor\" data-id=\"b82b02e\" data-element_type=\"widget\" data-e-type=\"widget\" data-widget_type=\"text-editor.default\">\n\t\t\t\t<div class=\"elementor-widget-container\">\n\t\t\t\t\t\t\t\t\t<p data-start=\"197\" data-end=\"525\">Hoy en d\u00eda, gracias al comercio electr\u00f3nico, es m\u00e1s f\u00e1cil que nunca disfrutar de la <strong data-start=\"281\" data-end=\"308\">Granada Mollar de Elche<\/strong> directamente desde el campo hasta tu mesa. Pero si est\u00e1s buscando <strong data-start=\"375\" data-end=\"437\">calidad garantizada, frescura inmediata y origen aut\u00e9ntico<\/strong>, hay una tienda online que marca la diferencia: <a class=\"decorated-link\" href=\"https:\/\/granavida.com?utm_source=chatgpt.com\" target=\"_new\" rel=\"noopener\" data-start=\"486\" data-end=\"524\"><strong data-start=\"487\" data-end=\"500\">Granavida<\/strong><\/a>.<\/p><p data-start=\"527\" data-end=\"808\">En <strong data-start=\"530\" data-end=\"547\">Granavida.com<\/strong>, puedes adquirir esta joya mediterr\u00e1nea de forma directa, sin intermediarios, con <strong data-start=\"630\" data-end=\"657\">env\u00edos en 24 a 48 horas<\/strong> desde explotaciones agr\u00edcolas certificadas. Cada pedido llega a casa en su punto \u00f3ptimo de maduraci\u00f3n, reci\u00e9n recolectado y con todo el sabor intacto.<\/p><p data-start=\"810\" data-end=\"842\">Adem\u00e1s, su tienda online ofrece:<\/p><ul data-start=\"844\" data-end=\"1243\"><li data-start=\"844\" data-end=\"902\"><p data-start=\"846\" data-end=\"902\">Cajas de distintos tama\u00f1os, adaptadas a tus necesidades.<\/p><\/li><li data-start=\"903\" data-end=\"1002\"><p data-start=\"905\" data-end=\"1002\"><strong data-start=\"905\" data-end=\"936\">Embalaje ecol\u00f3gico y seguro<\/strong>, pensado para cuidar el medio ambiente y la calidad del producto.<\/p><\/li><li data-start=\"1003\" data-end=\"1147\"><p data-start=\"1005\" data-end=\"1147\">Opciones de <strong data-start=\"1017\" data-end=\"1048\">programar pedidos semanales<\/strong> al inicio de la temporada, para que nunca te falten granadas frescas durante los meses de cosecha.<\/p><\/li><li data-start=\"1148\" data-end=\"1243\"><p data-start=\"1150\" data-end=\"1243\">Informaci\u00f3n detallada sobre el origen de cada fruto y el trabajo de los agricultores locales.<\/p><\/li><\/ul><p data-start=\"1245\" data-end=\"1452\">Si valoras lo aut\u00e9ntico, apoya a los productores locales y apuesta por una fruta con Denominaci\u00f3n de Origen Protegida, <strong data-start=\"1364\" data-end=\"1377\">Granavida<\/strong> es tu mejor opci\u00f3n. Calidad, tradici\u00f3n y sabor, directamente en tu puerta.<\/p>\t\t\t\t\t\t\t\t<\/div>\n\t\t\t\t<\/div>\n\t\t\t\t<div class=\"elementor-element elementor-element-a2c73bb elementor-widget elementor-widget-heading\" data-id=\"a2c73bb\" data-element_type=\"widget\" data-e-type=\"widget\" data-widget_type=\"heading.default\">\n\t\t\t\t<div class=\"elementor-widget-container\">\n\t\t\t\t\t<h4 class=\"elementor-heading-title elementor-size-default\">Zumo de Granada: Antioxidantes Todo el A\u00f1o con Granavida<\/h4>\t\t\t\t<\/div>\n\t\t\t\t<\/div>\n\t\t\t\t<div class=\"elementor-element elementor-element-d868c01 elementor-widget elementor-widget-text-editor\" data-id=\"d868c01\" data-element_type=\"widget\" data-e-type=\"widget\" data-widget_type=\"text-editor.default\">\n\t\t\t\t<div class=\"elementor-widget-container\">\n\t\t\t\t\t\t\t\t\t<p data-start=\"182\" data-end=\"492\">\u00bfSe acaba la temporada y no quieres renunciar a los beneficios de la <strong data-start=\"251\" data-end=\"278\">Granada Mollar de Elche<\/strong>? No te preocupes. Hoy puedes disfrutar de su poder antioxidante durante todo el a\u00f1o gracias al <strong data-start=\"374\" data-end=\"408\"><a href=\"https:\/\/www.granavida.com\/blog\/zumo-de-granada\/\" target=\"_blank\" rel=\"noopener\">zumo de granada<\/a> 100% natural de Granavida<\/strong>, elaborado exclusivamente con granadas certificadas y recogidas en su punto \u00f3ptimo.<\/p><p data-start=\"494\" data-end=\"574\">El\u00a0 <a class=\"decorated-link\" href=\"https:\/\/granavida.com?utm_source=chatgpt.com\" target=\"_new\" rel=\"noopener\" data-start=\"497\" data-end=\"570\"><strong data-start=\"498\" data-end=\"546\">Zumo de Granada Mollar de Elche de Granavida<\/strong><\/a>\u00a0 es:<\/p><ul data-start=\"576\" data-end=\"916\"><li data-start=\"576\" data-end=\"636\"><p data-start=\"578\" data-end=\"636\">100% exprimido, <strong data-start=\"594\" data-end=\"635\">sin az\u00facares a\u00f1adidos ni conservantes<\/strong>.<\/p><\/li><li data-start=\"637\" data-end=\"735\"><p data-start=\"639\" data-end=\"735\">Alto en <strong data-start=\"647\" data-end=\"678\">punicalaginas y polifenoles<\/strong>, los antioxidantes naturales m\u00e1s potentes de esta fruta.<\/p><\/li><li data-start=\"736\" data-end=\"839\"><p data-start=\"738\" data-end=\"839\">Ideal para consumir en <strong data-start=\"761\" data-end=\"820\">ayunas, en desayunos saludables o como bebida funcional<\/strong> tras el ejercicio.<\/p><\/li><li data-start=\"840\" data-end=\"916\"><p data-start=\"842\" data-end=\"916\">Con el aut\u00e9ntico sabor dulce y suave que solo esta variedad puede ofrecer.<\/p><\/li><\/ul><p data-start=\"918\" data-end=\"1159\">Adem\u00e1s, al estar envasado con m\u00e9todos que preservan al m\u00e1ximo sus propiedades, este zumo mantiene todos los beneficios de la fruta fresca. Solo aseg\u00farate de que en la etiqueta figure \u201c<strong data-start=\"1102\" data-end=\"1129\">Granada Mollar de Elche<\/strong>\u201d y \u201c<strong data-start=\"1134\" data-end=\"1157\">zumo 100% exprimido<\/strong>\u201d.<\/p><p data-start=\"1161\" data-end=\"1336\">Con Granavida, puedes disfrutar del coraz\u00f3n del Mediterr\u00e1neo en cualquier estaci\u00f3n del a\u00f1o. Una opci\u00f3n pr\u00e1ctica, saludable y deliciosa para mantener tu bienestar d\u00eda tras d\u00eda.<\/p>\t\t\t\t\t\t\t\t<\/div>\n\t\t\t\t<\/div>\n\t\t\t\t<div class=\"elementor-element elementor-element-5d6ae69 elementor-widget elementor-widget-heading\" data-id=\"5d6ae69\" data-element_type=\"widget\" data-e-type=\"widget\" data-widget_type=\"heading.default\">\n\t\t\t\t<div class=\"elementor-widget-container\">\n\t\t\t\t\t<h5 class=\"elementor-heading-title elementor-size-default\">Conclusi\u00f3n: La Granada Mollar de Elche, un Regalo de la Tierra que Merece un Lugar en Tu Mesa<\/h5>\t\t\t\t<\/div>\n\t\t\t\t<\/div>\n\t\t\t\t\t<\/div>\n\t\t\t\t<\/div>\n\t\t<div class=\"elementor-element elementor-element-a20260c e-flex e-con-boxed e-con e-parent\" data-id=\"a20260c\" data-element_type=\"container\" data-e-type=\"container\">\n\t\t\t\t\t<div class=\"e-con-inner\">\n\t\t\t\t<div class=\"elementor-element elementor-element-d404b55 elementor-widget elementor-widget-text-editor\" data-id=\"d404b55\" data-element_type=\"widget\" data-e-type=\"widget\" data-widget_type=\"text-editor.default\">\n\t\t\t\t<div class=\"elementor-widget-container\">\n\t\t\t\t\t\t\t\t\t<p>La <strong>Granada Mollar de Elche<\/strong> no es solo una fruta: es una historia viva, un sabor que conecta generaciones y un s\u00edmbolo de lo mejor que puede ofrecer nuestra tierra. Desde sus ra\u00edces milenarias hasta su reconocimiento con la D.O.P., pasando por su perfil nutricional y su textura inconfundible, esta granada lo tiene todo para conquistar paladares exigentes.<\/p><p>Su semilla blanda, su dulzura natural, sus arilos brillantes y su versatilidad en la cocina la convierten en una opci\u00f3n dif\u00edcil de igualar. Ya sea que la disfrutes al natural, en zumo, en una receta gourmet o como parte de tu rutina saludable, cada bocado es un tributo al esfuerzo de cientos de agricultores y a siglos de tradici\u00f3n mediterr\u00e1nea.<\/p><p>En tiempos donde lo natural y aut\u00e9ntico cobra m\u00e1s valor que nunca, apostar por la <strong>Granada Mollar de Elche<\/strong> es una elecci\u00f3n consciente, deliciosa y culturalmente significativa. Una fruta que no solo alimenta el cuerpo, sino tambi\u00e9n el alma.<\/p>\t\t\t\t\t\t\t\t<\/div>\n\t\t\t\t<\/div>\n\t\t\t\t<div class=\"elementor-element elementor-element-456f124 elementor-widget elementor-widget-heading\" data-id=\"456f124\" data-element_type=\"widget\" data-e-type=\"widget\" data-widget_type=\"heading.default\">\n\t\t\t\t<div class=\"elementor-widget-container\">\n\t\t\t\t\t<h2 class=\"elementor-heading-title elementor-size-default\">FAQs : Preguntas Frecuentes sobre la Granada Mollar de Elche<\/h2>\t\t\t\t<\/div>\n\t\t\t\t<\/div>\n\t\t\t\t\t<\/div>\n\t\t\t\t<\/div>\n\t\t<div class=\"elementor-element elementor-element-2c4458b e-flex e-con-boxed e-con e-parent\" data-id=\"2c4458b\" data-element_type=\"container\" data-e-type=\"container\">\n\t\t\t\t\t<div class=\"e-con-inner\">\n\t\t\t\t\t<\/div>\n\t\t\t\t<\/div>\n\t\t\t\t<\/div>\n\t\t","protected":false},"excerpt":{"rendered":"<p>La Granada Mollar de Elche no es una fruta cualquiera: es una experiencia sensorial, un emblema de identidad regional y un superalimento cargado de beneficios para tu salud. Reconocida con la Denominaci\u00f3n de Origen Protegida (D.O.P.), esta variedad \u00fanica deslumbra por su dulzura, su semilla blanda y su colorido rub\u00ed oto\u00f1al. Mucho m\u00e1s que un &#8230; <a title=\"Granada Mollar de Elche: Un Tesoro Mediterr\u00e1neo en Tu Mesa\" class=\"read-more\" href=\"https:\/\/www.granavida.com\/blog\/granada-mollar-de-elche-un-tesoro-mediterraneo-en-tu-mesa\/\" aria-label=\"Leer m\u00e1s sobre Granada Mollar de Elche: Un Tesoro Mediterr\u00e1neo en Tu Mesa\">Leer Mas<\/a><\/p>\n","protected":false},"author":1,"featured_media":0,"comment_status":"open","ping_status":"open","sticky":false,"template":"","format":"standard","meta":{"footnotes":""},"categories":[2],"tags":[],"class_list":["post-7245","post","type-post","status-publish","format-standard","hentry","category-zumo-de-granada"],"acf":[],"yoast_head":"<!-- This site is optimized with the Yoast SEO Premium plugin v27.2 (Yoast SEO v27.2) - https:\/\/yoast.com\/product\/yoast-seo-premium-wordpress\/ -->\n<title>Granada Mollar de Elche: Un Tesoro Mediterr\u00e1neo en Tu Mesa<\/title>\n<meta name=\"description\" content=\"Descubre la Granada Mollar de Elche, fruta con Denominaci\u00f3n de Origen: dulce, de semilla blanda, rica en antioxidantes y con siglos de historia. \u00a1Ideal para tu salud y tu cocina!\" \/>\n<meta name=\"robots\" content=\"index, follow, max-snippet:-1, max-image-preview:large, max-video-preview:-1\" \/>\n<link rel=\"canonical\" href=\"https:\/\/www.granavida.com\/blog\/granada-mollar-de-elche-un-tesoro-mediterraneo-en-tu-mesa\/\" \/>\n<meta property=\"og:locale\" content=\"es_ES\" \/>\n<meta property=\"og:type\" content=\"article\" \/>\n<meta property=\"og:title\" content=\"Granada Mollar de Elche: Un Tesoro Mediterr\u00e1neo en Tu Mesa\" \/>\n<meta property=\"og:description\" content=\"Descubre la Granada Mollar de Elche, fruta con Denominaci\u00f3n de Origen: dulce, de semilla blanda, rica en antioxidantes y con siglos de historia. \u00a1Ideal para tu salud y tu cocina!\" \/>\n<meta property=\"og:url\" content=\"https:\/\/www.granavida.com\/blog\/granada-mollar-de-elche-un-tesoro-mediterraneo-en-tu-mesa\/\" \/>\n<meta property=\"og:site_name\" content=\"Blog de Granavida\u00ae\" \/>\n<meta property=\"article:publisher\" content=\"https:\/\/www.facebook.com\/granavida\/\" \/>\n<meta property=\"article:published_time\" content=\"2025-09-02T12:16:47+00:00\" \/>\n<meta property=\"article:modified_time\" content=\"2025-09-12T12:04:54+00:00\" \/>\n<meta property=\"og:image\" content=\"https:\/\/www.granavida.com\/blog\/wp-content\/uploads\/2024\/10\/IMG_3285.png\" \/>\n\t<meta property=\"og:image:width\" content=\"2532\" \/>\n\t<meta property=\"og:image:height\" content=\"1170\" \/>\n\t<meta property=\"og:image:type\" content=\"image\/png\" \/>\n<meta name=\"author\" content=\"Granavida\u00ae- Blog\" \/>\n<meta name=\"twitter:card\" content=\"summary_large_image\" \/>\n<meta name=\"twitter:creator\" content=\"@GRANAVIDA\" \/>\n<meta name=\"twitter:site\" content=\"@GRANAVIDA\" \/>\n<meta name=\"twitter:label1\" content=\"Escrito por\" \/>\n\t<meta name=\"twitter:data1\" content=\"Granavida\u00ae- Blog\" \/>\n\t<meta name=\"twitter:label2\" content=\"Tiempo de lectura\" \/>\n\t<meta name=\"twitter:data2\" content=\"13 minutos\" \/>\n<script type=\"application\/ld+json\" class=\"yoast-schema-graph\">{\"@context\":\"https:\/\/schema.org\",\"@graph\":[{\"@type\":\"Article\",\"@id\":\"https:\/\/www.granavida.com\/blog\/granada-mollar-de-elche-un-tesoro-mediterraneo-en-tu-mesa\/#article\",\"isPartOf\":{\"@id\":\"https:\/\/www.granavida.com\/blog\/granada-mollar-de-elche-un-tesoro-mediterraneo-en-tu-mesa\/\"},\"author\":{\"name\":\"Granavida\u00ae- Blog\",\"@id\":\"https:\/\/www.granavida.com\/blog\/#\/schema\/person\/ca48c1719374d94ab83435acacd2f606\"},\"headline\":\"Granada Mollar de Elche: Un Tesoro Mediterr\u00e1neo en Tu Mesa\",\"datePublished\":\"2025-09-02T12:16:47+00:00\",\"dateModified\":\"2025-09-12T12:04:54+00:00\",\"mainEntityOfPage\":{\"@id\":\"https:\/\/www.granavida.com\/blog\/granada-mollar-de-elche-un-tesoro-mediterraneo-en-tu-mesa\/\"},\"wordCount\":2852,\"commentCount\":0,\"publisher\":{\"@id\":\"https:\/\/www.granavida.com\/blog\/#organization\"},\"image\":{\"@id\":\"https:\/\/www.granavida.com\/blog\/granada-mollar-de-elche-un-tesoro-mediterraneo-en-tu-mesa\/#primaryimage\"},\"thumbnailUrl\":\"https:\/\/www.granavida.com\/blog\/wp-content\/uploads\/2024\/10\/IMG_3285.png\",\"articleSection\":[\"Zumo de granada\"],\"inLanguage\":\"es\",\"potentialAction\":[{\"@type\":\"CommentAction\",\"name\":\"Comment\",\"target\":[\"https:\/\/www.granavida.com\/blog\/granada-mollar-de-elche-un-tesoro-mediterraneo-en-tu-mesa\/#respond\"]}]},{\"@type\":\"WebPage\",\"@id\":\"https:\/\/www.granavida.com\/blog\/granada-mollar-de-elche-un-tesoro-mediterraneo-en-tu-mesa\/\",\"url\":\"https:\/\/www.granavida.com\/blog\/granada-mollar-de-elche-un-tesoro-mediterraneo-en-tu-mesa\/\",\"name\":\"Granada Mollar de Elche: Un Tesoro Mediterr\u00e1neo en Tu Mesa\",\"isPartOf\":{\"@id\":\"https:\/\/www.granavida.com\/blog\/#website\"},\"primaryImageOfPage\":{\"@id\":\"https:\/\/www.granavida.com\/blog\/granada-mollar-de-elche-un-tesoro-mediterraneo-en-tu-mesa\/#primaryimage\"},\"image\":{\"@id\":\"https:\/\/www.granavida.com\/blog\/granada-mollar-de-elche-un-tesoro-mediterraneo-en-tu-mesa\/#primaryimage\"},\"thumbnailUrl\":\"https:\/\/www.granavida.com\/blog\/wp-content\/uploads\/2024\/10\/IMG_3285.png\",\"datePublished\":\"2025-09-02T12:16:47+00:00\",\"dateModified\":\"2025-09-12T12:04:54+00:00\",\"description\":\"Descubre la Granada Mollar de Elche, fruta con Denominaci\u00f3n de Origen: dulce, de semilla blanda, rica en antioxidantes y con siglos de historia. \u00a1Ideal para tu salud y tu cocina!\",\"breadcrumb\":{\"@id\":\"https:\/\/www.granavida.com\/blog\/granada-mollar-de-elche-un-tesoro-mediterraneo-en-tu-mesa\/#breadcrumb\"},\"inLanguage\":\"es\",\"potentialAction\":[{\"@type\":\"ReadAction\",\"target\":[\"https:\/\/www.granavida.com\/blog\/granada-mollar-de-elche-un-tesoro-mediterraneo-en-tu-mesa\/\"]}]},{\"@type\":\"ImageObject\",\"inLanguage\":\"es\",\"@id\":\"https:\/\/www.granavida.com\/blog\/granada-mollar-de-elche-un-tesoro-mediterraneo-en-tu-mesa\/#primaryimage\",\"url\":\"https:\/\/www.granavida.com\/blog\/wp-content\/uploads\/2024\/10\/IMG_3285.png\",\"contentUrl\":\"https:\/\/www.granavida.com\/blog\/wp-content\/uploads\/2024\/10\/IMG_3285.png\"},{\"@type\":\"BreadcrumbList\",\"@id\":\"https:\/\/www.granavida.com\/blog\/granada-mollar-de-elche-un-tesoro-mediterraneo-en-tu-mesa\/#breadcrumb\",\"itemListElement\":[{\"@type\":\"ListItem\",\"position\":1,\"name\":\"Portada\",\"item\":\"https:\/\/www.granavida.com\/blog\/\"},{\"@type\":\"ListItem\",\"position\":2,\"name\":\"Granada Mollar de Elche: Un Tesoro Mediterr\u00e1neo en Tu Mesa\"}]},{\"@type\":\"WebSite\",\"@id\":\"https:\/\/www.granavida.com\/blog\/#website\",\"url\":\"https:\/\/www.granavida.com\/blog\/\",\"name\":\"Zumo de granada Granavida\u00ae\",\"description\":\"Productos elaborados con granadas mollar de elche\",\"publisher\":{\"@id\":\"https:\/\/www.granavida.com\/blog\/#organization\"},\"potentialAction\":[{\"@type\":\"SearchAction\",\"target\":{\"@type\":\"EntryPoint\",\"urlTemplate\":\"https:\/\/www.granavida.com\/blog\/?s={search_term_string}\"},\"query-input\":{\"@type\":\"PropertyValueSpecification\",\"valueRequired\":true,\"valueName\":\"search_term_string\"}}],\"inLanguage\":\"es\"},{\"@type\":\"Organization\",\"@id\":\"https:\/\/www.granavida.com\/blog\/#organization\",\"name\":\"Granavida\u00ae\",\"url\":\"https:\/\/www.granavida.com\/blog\/\",\"logo\":{\"@type\":\"ImageObject\",\"inLanguage\":\"es\",\"@id\":\"https:\/\/www.granavida.com\/blog\/#\/schema\/logo\/image\/\",\"url\":\"https:\/\/www.granavida.com\/blog\/wp-content\/uploads\/2019\/06\/logo-nuevo-tienda.jpg\",\"contentUrl\":\"https:\/\/www.granavida.com\/blog\/wp-content\/uploads\/2019\/06\/logo-nuevo-tienda.jpg\",\"width\":300,\"height\":100,\"caption\":\"Granavida\u00ae\"},\"image\":{\"@id\":\"https:\/\/www.granavida.com\/blog\/#\/schema\/logo\/image\/\"},\"sameAs\":[\"https:\/\/www.facebook.com\/granavida\/\",\"https:\/\/x.com\/GRANAVIDA\"]},{\"@type\":\"Person\",\"@id\":\"https:\/\/www.granavida.com\/blog\/#\/schema\/person\/ca48c1719374d94ab83435acacd2f606\",\"name\":\"Granavida\u00ae- Blog\",\"image\":{\"@type\":\"ImageObject\",\"inLanguage\":\"es\",\"@id\":\"https:\/\/secure.gravatar.com\/avatar\/adee8e7e201fc78c01aed0e87d4322156abbf31424250dbb72b973b29280a57b?s=96&d=mm&r=g\",\"url\":\"https:\/\/secure.gravatar.com\/avatar\/adee8e7e201fc78c01aed0e87d4322156abbf31424250dbb72b973b29280a57b?s=96&d=mm&r=g\",\"contentUrl\":\"https:\/\/secure.gravatar.com\/avatar\/adee8e7e201fc78c01aed0e87d4322156abbf31424250dbb72b973b29280a57b?s=96&d=mm&r=g\",\"caption\":\"Granavida\u00ae- Blog\"},\"url\":\"https:\/\/www.granavida.com\/blog\/author\/admin\/\"}]}<\/script>\n<!-- \/ Yoast SEO Premium plugin. -->","yoast_head_json":{"title":"Granada Mollar de Elche: Un Tesoro Mediterr\u00e1neo en Tu Mesa","description":"Descubre la Granada Mollar de Elche, fruta con Denominaci\u00f3n de Origen: dulce, de semilla blanda, rica en antioxidantes y con siglos de historia. \u00a1Ideal para tu salud y tu cocina!","robots":{"index":"index","follow":"follow","max-snippet":"max-snippet:-1","max-image-preview":"max-image-preview:large","max-video-preview":"max-video-preview:-1"},"canonical":"https:\/\/www.granavida.com\/blog\/granada-mollar-de-elche-un-tesoro-mediterraneo-en-tu-mesa\/","og_locale":"es_ES","og_type":"article","og_title":"Granada Mollar de Elche: Un Tesoro Mediterr\u00e1neo en Tu Mesa","og_description":"Descubre la Granada Mollar de Elche, fruta con Denominaci\u00f3n de Origen: dulce, de semilla blanda, rica en antioxidantes y con siglos de historia. \u00a1Ideal para tu salud y tu cocina!","og_url":"https:\/\/www.granavida.com\/blog\/granada-mollar-de-elche-un-tesoro-mediterraneo-en-tu-mesa\/","og_site_name":"Blog de Granavida\u00ae","article_publisher":"https:\/\/www.facebook.com\/granavida\/","article_published_time":"2025-09-02T12:16:47+00:00","article_modified_time":"2025-09-12T12:04:54+00:00","og_image":[{"width":2532,"height":1170,"url":"https:\/\/www.granavida.com\/blog\/wp-content\/uploads\/2024\/10\/IMG_3285.png","type":"image\/png"}],"author":"Granavida\u00ae- Blog","twitter_card":"summary_large_image","twitter_creator":"@GRANAVIDA","twitter_site":"@GRANAVIDA","twitter_misc":{"Escrito por":"Granavida\u00ae- Blog","Tiempo de lectura":"13 minutos"},"schema":{"@context":"https:\/\/schema.org","@graph":[{"@type":"Article","@id":"https:\/\/www.granavida.com\/blog\/granada-mollar-de-elche-un-tesoro-mediterraneo-en-tu-mesa\/#article","isPartOf":{"@id":"https:\/\/www.granavida.com\/blog\/granada-mollar-de-elche-un-tesoro-mediterraneo-en-tu-mesa\/"},"author":{"name":"Granavida\u00ae- Blog","@id":"https:\/\/www.granavida.com\/blog\/#\/schema\/person\/ca48c1719374d94ab83435acacd2f606"},"headline":"Granada Mollar de Elche: Un Tesoro Mediterr\u00e1neo en Tu Mesa","datePublished":"2025-09-02T12:16:47+00:00","dateModified":"2025-09-12T12:04:54+00:00","mainEntityOfPage":{"@id":"https:\/\/www.granavida.com\/blog\/granada-mollar-de-elche-un-tesoro-mediterraneo-en-tu-mesa\/"},"wordCount":2852,"commentCount":0,"publisher":{"@id":"https:\/\/www.granavida.com\/blog\/#organization"},"image":{"@id":"https:\/\/www.granavida.com\/blog\/granada-mollar-de-elche-un-tesoro-mediterraneo-en-tu-mesa\/#primaryimage"},"thumbnailUrl":"https:\/\/www.granavida.com\/blog\/wp-content\/uploads\/2024\/10\/IMG_3285.png","articleSection":["Zumo de granada"],"inLanguage":"es","potentialAction":[{"@type":"CommentAction","name":"Comment","target":["https:\/\/www.granavida.com\/blog\/granada-mollar-de-elche-un-tesoro-mediterraneo-en-tu-mesa\/#respond"]}]},{"@type":"WebPage","@id":"https:\/\/www.granavida.com\/blog\/granada-mollar-de-elche-un-tesoro-mediterraneo-en-tu-mesa\/","url":"https:\/\/www.granavida.com\/blog\/granada-mollar-de-elche-un-tesoro-mediterraneo-en-tu-mesa\/","name":"Granada Mollar de Elche: Un Tesoro Mediterr\u00e1neo en Tu Mesa","isPartOf":{"@id":"https:\/\/www.granavida.com\/blog\/#website"},"primaryImageOfPage":{"@id":"https:\/\/www.granavida.com\/blog\/granada-mollar-de-elche-un-tesoro-mediterraneo-en-tu-mesa\/#primaryimage"},"image":{"@id":"https:\/\/www.granavida.com\/blog\/granada-mollar-de-elche-un-tesoro-mediterraneo-en-tu-mesa\/#primaryimage"},"thumbnailUrl":"https:\/\/www.granavida.com\/blog\/wp-content\/uploads\/2024\/10\/IMG_3285.png","datePublished":"2025-09-02T12:16:47+00:00","dateModified":"2025-09-12T12:04:54+00:00","description":"Descubre la Granada Mollar de Elche, fruta con Denominaci\u00f3n de Origen: dulce, de semilla blanda, rica en antioxidantes y con siglos de historia. \u00a1Ideal para tu salud y tu cocina!","breadcrumb":{"@id":"https:\/\/www.granavida.com\/blog\/granada-mollar-de-elche-un-tesoro-mediterraneo-en-tu-mesa\/#breadcrumb"},"inLanguage":"es","potentialAction":[{"@type":"ReadAction","target":["https:\/\/www.granavida.com\/blog\/granada-mollar-de-elche-un-tesoro-mediterraneo-en-tu-mesa\/"]}]},{"@type":"ImageObject","inLanguage":"es","@id":"https:\/\/www.granavida.com\/blog\/granada-mollar-de-elche-un-tesoro-mediterraneo-en-tu-mesa\/#primaryimage","url":"https:\/\/www.granavida.com\/blog\/wp-content\/uploads\/2024\/10\/IMG_3285.png","contentUrl":"https:\/\/www.granavida.com\/blog\/wp-content\/uploads\/2024\/10\/IMG_3285.png"},{"@type":"BreadcrumbList","@id":"https:\/\/www.granavida.com\/blog\/granada-mollar-de-elche-un-tesoro-mediterraneo-en-tu-mesa\/#breadcrumb","itemListElement":[{"@type":"ListItem","position":1,"name":"Portada","item":"https:\/\/www.granavida.com\/blog\/"},{"@type":"ListItem","position":2,"name":"Granada Mollar de Elche: Un Tesoro Mediterr\u00e1neo en Tu Mesa"}]},{"@type":"WebSite","@id":"https:\/\/www.granavida.com\/blog\/#website","url":"https:\/\/www.granavida.com\/blog\/","name":"Zumo de granada Granavida\u00ae","description":"Productos elaborados con granadas mollar de elche","publisher":{"@id":"https:\/\/www.granavida.com\/blog\/#organization"},"potentialAction":[{"@type":"SearchAction","target":{"@type":"EntryPoint","urlTemplate":"https:\/\/www.granavida.com\/blog\/?s={search_term_string}"},"query-input":{"@type":"PropertyValueSpecification","valueRequired":true,"valueName":"search_term_string"}}],"inLanguage":"es"},{"@type":"Organization","@id":"https:\/\/www.granavida.com\/blog\/#organization","name":"Granavida\u00ae","url":"https:\/\/www.granavida.com\/blog\/","logo":{"@type":"ImageObject","inLanguage":"es","@id":"https:\/\/www.granavida.com\/blog\/#\/schema\/logo\/image\/","url":"https:\/\/www.granavida.com\/blog\/wp-content\/uploads\/2019\/06\/logo-nuevo-tienda.jpg","contentUrl":"https:\/\/www.granavida.com\/blog\/wp-content\/uploads\/2019\/06\/logo-nuevo-tienda.jpg","width":300,"height":100,"caption":"Granavida\u00ae"},"image":{"@id":"https:\/\/www.granavida.com\/blog\/#\/schema\/logo\/image\/"},"sameAs":["https:\/\/www.facebook.com\/granavida\/","https:\/\/x.com\/GRANAVIDA"]},{"@type":"Person","@id":"https:\/\/www.granavida.com\/blog\/#\/schema\/person\/ca48c1719374d94ab83435acacd2f606","name":"Granavida\u00ae- Blog","image":{"@type":"ImageObject","inLanguage":"es","@id":"https:\/\/secure.gravatar.com\/avatar\/adee8e7e201fc78c01aed0e87d4322156abbf31424250dbb72b973b29280a57b?s=96&d=mm&r=g","url":"https:\/\/secure.gravatar.com\/avatar\/adee8e7e201fc78c01aed0e87d4322156abbf31424250dbb72b973b29280a57b?s=96&d=mm&r=g","contentUrl":"https:\/\/secure.gravatar.com\/avatar\/adee8e7e201fc78c01aed0e87d4322156abbf31424250dbb72b973b29280a57b?s=96&d=mm&r=g","caption":"Granavida\u00ae- Blog"},"url":"https:\/\/www.granavida.com\/blog\/author\/admin\/"}]}},"_links":{"self":[{"href":"https:\/\/www.granavida.com\/blog\/wp-json\/wp\/v2\/posts\/7245","targetHints":{"allow":["GET"]}}],"collection":[{"href":"https:\/\/www.granavida.com\/blog\/wp-json\/wp\/v2\/posts"}],"about":[{"href":"https:\/\/www.granavida.com\/blog\/wp-json\/wp\/v2\/types\/post"}],"author":[{"embeddable":true,"href":"https:\/\/www.granavida.com\/blog\/wp-json\/wp\/v2\/users\/1"}],"replies":[{"embeddable":true,"href":"https:\/\/www.granavida.com\/blog\/wp-json\/wp\/v2\/comments?post=7245"}],"version-history":[{"count":0,"href":"https:\/\/www.granavida.com\/blog\/wp-json\/wp\/v2\/posts\/7245\/revisions"}],"wp:attachment":[{"href":"https:\/\/www.granavida.com\/blog\/wp-json\/wp\/v2\/media?parent=7245"}],"wp:term":[{"taxonomy":"category","embeddable":true,"href":"https:\/\/www.granavida.com\/blog\/wp-json\/wp\/v2\/categories?post=7245"},{"taxonomy":"post_tag","embeddable":true,"href":"https:\/\/www.granavida.com\/blog\/wp-json\/wp\/v2\/tags?post=7245"}],"curies":[{"name":"wp","href":"https:\/\/api.w.org\/{rel}","templated":true}]}}